{"id":237205,"date":"2022-09-05T09:57:36","date_gmt":"2022-09-05T07:57:36","guid":{"rendered":"https:\/\/polishscience.pl\/?p=237205"},"modified":"2022-09-05T09:57:36","modified_gmt":"2022-09-05T07:57:36","slug":"w-iii-liceum-ogolnoksztalcacym-w-bialymstoku-powstala-klasa-politechniczna-pod-patronatem-politechniki-bialostockiej","status":"publish","type":"post","link":"https:\/\/www.polishscience.pl\/pl\/w-iii-liceum-ogolnoksztalcacym-w-bialymstoku-powstala-klasa-politechniczna-pod-patronatem-politechniki-bialostockiej\/","title":{"rendered":"W III Liceum Og\u00f3lnokszta\u0142c\u0105cym w Bia\u0142ymstoku powsta\u0142a klasa politechniczna pod patronatem Politechniki Bia\u0142ostockiej"},"content":{"rendered":"<p><b>Politechnika Bia\u0142ostocka (PB) podpisa\u0142a umow\u0119 patronack\u0105 z III Liceum Og\u00f3lnokszta\u0142c\u0105cym im. Krzysztofa Kamila Baczy\u0144skiego w Bia\u0142ymstoku. W jej efekcie od 1 wrze\u015bnia uczniowie liceum bia\u0142ostockiego rozpocz\u0119li edukacj\u0119 w klasie o profilu politechnicznym.\u00a0<\/b><\/p>\n<p><span style=\"font-weight: 400;\">Jestem przekonana, \u017ce wsp\u00f3\u0142praca przyniesie ogromne korzy\u015bci zar\u00f3wno Politechnice Bia\u0142ostockiej, jak i Liceum. Bardzo si\u0119 ciesz\u0119 z tej inicjatywy i uwa\u017cam, \u017ce takie ramowe dzia\u0142anie pozwoli m\u0142odym ludziom rozwin\u0105\u0107 pasje techniczne i odkry\u0107 swoje talenty\u00a0\u2013 powiedzia\u0142a podczas konferencji prasowej dr hab. in\u017c. Marta Kosior-Kazberuk, prof. PB, rektor Politechniki Bia\u0142ostockiej.<\/span><\/p>\n<p><span style=\"font-weight: 400;\">Uczniowie jednej z klas pierwszych Liceum b\u0119d\u0105 uczestniczy\u0107 w zaj\u0119ciach prowadzonych przez student\u00f3w Politechniki, bra\u0107 udzia\u0142 w wybranych zaj\u0119ciach z fizyki, matematyki lub informatyki, a tak\u017ce w wyk\u0142adach o charakterze popularno-naukowym. Ponadto, uczniowie skorzystaj\u0105 z wyk\u0142ad\u00f3w organizowanych na terenie szko\u0142y i prowadzonych przez wyk\u0142adowc\u00f3w akademickich Politechniki.<\/span><\/p>\n<p><span style=\"font-weight: 400;\">jp<\/span><\/p>\n","protected":false},"excerpt":{"rendered":"<p>Politechnika Bia\u0142ostocka (PB) podpisa\u0142a umow\u0119 patronack\u0105 z III Liceum Og\u00f3lnokszta\u0142c\u0105cym im. Krzysztofa Kamila Baczy\u0144skiego w Bia\u0142ymstoku. W jej efekcie od 1 wrze\u015bnia uczniowie liceum bia\u0142ostockiego rozpocz\u0119li edukacj\u0119 w klasie o profilu politechnicznym.\u00a0 Jestem przekonana, \u017ce wsp\u00f3\u0142praca przyniesie ogromne korzy\u015bci zar\u00f3wno Politechnice Bia\u0142ostockiej, jak i Liceum. Bardzo si\u0119 ciesz\u0119 z tej inicjatywy i uwa\u017cam, \u017ce takie [&hellip;]<\/p>\n","protected":false},"author":6,"featured_media":237242,"comment_status":"closed","ping_status":"closed","sticky":false,"template":"","format":"standard","meta":[],"categories":[21],"tags":[],"_links":{"self":[{"href":"https:\/\/www.polishscience.pl\/pl\/wp-json\/wp\/v2\/posts\/237205"}],"collection":[{"href":"https:\/\/www.polishscience.pl\/pl\/wp-json\/wp\/v2\/posts"}],"about":[{"href":"https:\/\/www.polishscience.pl\/pl\/wp-json\/wp\/v2\/types\/post"}],"author":[{"embeddable":true,"href":"https:\/\/www.polishscience.pl\/pl\/wp-json\/wp\/v2\/users\/6"}],"replies":[{"embeddable":true,"href":"https:\/\/www.polishscience.pl\/pl\/wp-json\/wp\/v2\/comments?post=237205"}],"version-history":[{"count":0,"href":"https:\/\/www.polishscience.pl\/pl\/wp-json\/wp\/v2\/posts\/237205\/revisions"}],"wp:featuredmedia":[{"embeddable":true,"href":"https:\/\/www.polishscience.pl\/pl\/wp-json\/wp\/v2\/media\/237242"}],"wp:attachment":[{"href":"https:\/\/www.polishscience.pl\/pl\/wp-json\/wp\/v2\/media?parent=237205"}],"wp:term":[{"taxonomy":"category","embeddable":true,"href":"https:\/\/www.polishscience.pl\/pl\/wp-json\/wp\/v2\/categories?post=237205"},{"taxonomy":"post_tag","embeddable":true,"href":"https:\/\/www.polishscience.pl\/pl\/wp-json\/wp\/v2\/tags?post=237205"}],"curies":[{"name":"wp","href":"https:\/\/api.w.org\/{rel}","templated":true}]}}