{"id":230753,"date":"2022-07-28T10:24:51","date_gmt":"2022-07-28T08:24:51","guid":{"rendered":"https:\/\/polishscience.pl\/?p=230753"},"modified":"2022-07-28T10:24:51","modified_gmt":"2022-07-28T08:24:51","slug":"w-sierpniu-w-poznaniu-spotkaja-sie-historycy-z-calego-swiata","status":"publish","type":"post","link":"https:\/\/www.polishscience.pl\/pl\/w-sierpniu-w-poznaniu-spotkaja-sie-historycy-z-calego-swiata\/","title":{"rendered":"W sierpniu w Poznaniu spotkaj\u0105 si\u0119 historycy z ca\u0142ego \u015bwiata"},"content":{"rendered":"<p><b>Mi\u0119dzynarodowy Komitet Nauk Historycznych, Uniwersytet im. Adama Mickiewicza w Poznaniu, Komitet Nauk Historycznych Polskiej Akademii Nauk i Grupa MTP zapraszaj\u0105 na XXIII Mi\u0119dzynarodowy Kongres Nauk Historycznych. Impreza odb\u0119dzie si\u0119 w Poznaniu od 21 do 27 sierpnia.<\/b><\/p>\n<p><span style=\"font-weight: 400;\">W stolicy Wielkopolski przewidziano kilkadziesi\u0105t r\u00f3\u017cnych paneli. Jak podkre\u015blaj\u0105 organizatorzy, najwa\u017cniejsze b\u0119d\u0105 tzw. wielkie tematy (Major Themes). Ponadto planowanych jest kilkana\u015bcie tzw. Joint Sessions, oko\u0142o 20 okr\u0105g\u0142ych sto\u0142\u00f3w (Round Tables), a tak\u017ce kilkadziesi\u0105t sesji specjalistycznych po\u015bwi\u0119conych r\u00f3\u017cnym zagadnieniom od staro\u017cytno\u015bci do wsp\u00f3\u0142czesno\u015bci. Imprezie towarzyszy\u0107 b\u0119d\u0105 Mi\u0119dzynarodowe Targi Ksi\u0105\u017cki Historycznej.\u00a0<\/span><\/p>\n<p><span style=\"font-weight: 400;\">Podczas kongresu zostanie te\u017c przyznana International ICHS History Prize. Otrzyma j\u0105 historyk, kt\u00f3ry wyr\u00f3\u017cni\u0142 si\u0119 w dziedzinie historii dzi\u0119ki swoim badaniom, publikacjom lub osi\u0105gni\u0119ciom dydaktycznym i wni\u00f3s\u0142 znaczny wk\u0142ad w rozw\u00f3j wiedzy historycznej \u2013 czytamy w serwisie pozna\u0144skiej uczelni.\u00a0<\/span><\/p>\n<p><span style=\"font-weight: 400;\">Wi\u0119cej: <\/span><a href=\"https:\/\/amu.edu.pl\/dla-mediow\/komunikaty-prasowe\/kongres,-ktory-przejdzie-do-historii\"><span style=\"font-weight: 400;\">https:\/\/amu.edu.pl\/dla-mediow\/komunikaty-prasowe\/kongres,-ktory-przejdzie-do-historii<\/span><\/a><\/p>\n<p>&nbsp;<\/p>\n<p><span style=\"font-weight: 400;\">jsz<\/span><\/p>\n","protected":false},"excerpt":{"rendered":"<p>Mi\u0119dzynarodowy Komitet Nauk Historycznych, Uniwersytet im. Adama Mickiewicza w Poznaniu, Komitet Nauk Historycznych Polskiej Akademii Nauk i Grupa MTP zapraszaj\u0105 na XXIII Mi\u0119dzynarodowy Kongres Nauk Historycznych. Impreza odb\u0119dzie si\u0119 w Poznaniu od 21 do 27 sierpnia. W stolicy Wielkopolski przewidziano kilkadziesi\u0105t r\u00f3\u017cnych paneli. Jak podkre\u015blaj\u0105 organizatorzy, najwa\u017cniejsze b\u0119d\u0105 tzw. wielkie tematy (Major Themes). Ponadto planowanych [&hellip;]<\/p>\n","protected":false},"author":6,"featured_media":230816,"comment_status":"closed","ping_status":"closed","sticky":false,"template":"","format":"standard","meta":[],"categories":[22],"tags":[],"_links":{"self":[{"href":"https:\/\/www.polishscience.pl\/pl\/wp-json\/wp\/v2\/posts\/230753"}],"collection":[{"href":"https:\/\/www.polishscience.pl\/pl\/wp-json\/wp\/v2\/posts"}],"about":[{"href":"https:\/\/www.polishscience.pl\/pl\/wp-json\/wp\/v2\/types\/post"}],"author":[{"embeddable":true,"href":"https:\/\/www.polishscience.pl\/pl\/wp-json\/wp\/v2\/users\/6"}],"replies":[{"embeddable":true,"href":"https:\/\/www.polishscience.pl\/pl\/wp-json\/wp\/v2\/comments?post=230753"}],"version-history":[{"count":0,"href":"https:\/\/www.polishscience.pl\/pl\/wp-json\/wp\/v2\/posts\/230753\/revisions"}],"wp:featuredmedia":[{"embeddable":true,"href":"https:\/\/www.polishscience.pl\/pl\/wp-json\/wp\/v2\/media\/230816"}],"wp:attachment":[{"href":"https:\/\/www.polishscience.pl\/pl\/wp-json\/wp\/v2\/media?parent=230753"}],"wp:term":[{"taxonomy":"category","embeddable":true,"href":"https:\/\/www.polishscience.pl\/pl\/wp-json\/wp\/v2\/categories?post=230753"},{"taxonomy":"post_tag","embeddable":true,"href":"https:\/\/www.polishscience.pl\/pl\/wp-json\/wp\/v2\/tags?post=230753"}],"curies":[{"name":"wp","href":"https:\/\/api.w.org\/{rel}","templated":true}]}}