{"id":224135,"date":"2022-06-22T10:50:55","date_gmt":"2022-06-22T08:50:55","guid":{"rendered":"https:\/\/polishscience.pl\/?p=224135"},"modified":"2022-06-22T10:50:55","modified_gmt":"2022-06-22T08:50:55","slug":"rektorzy-warszawskich-uczelni-za-edukacja-klimatyczna","status":"publish","type":"post","link":"https:\/\/www.polishscience.pl\/pl\/rektorzy-warszawskich-uczelni-za-edukacja-klimatyczna\/","title":{"rendered":"Rektorzy warszawskich uczelni za edukacj\u0105 klimatyczn\u0105"},"content":{"rendered":"<p><b>W Centrum Nauki Kopernik w Warszawie podsumowano prace Okr\u0105g\u0142ego Sto\u0142u dla Edukacji Klimatycznej. Konferencja Rektor\u00f3w Uczelni Warszawskich (KRUW) zaprezentowa\u0142a swoje stanowisko popieraj\u0105ce edukacje klimatyczn\u0105.<\/b><\/p>\n<p><span style=\"font-weight: 400;\">Powszechna i systemowa edukacja klimatyczna ma kluczowe znaczenie dla zwi\u0119kszania \u015bwiadomo\u015bci na temat zmiany klimatu i mo\u017cliwo\u015bci przeciwdzia\u0142ania negatywnym skutkom wp\u0142ywu cz\u0142owieka na \u015brodowisko \u2013 czytamy w stanowisku KRUW.<\/span><\/p>\n<p><span style=\"font-weight: 400;\">Rektorzy zaapelowali \u201eo wprowadzenie w Polsce powszechnej, rzetelnej i kompleksowej edukacji klimatycznej na wszystkich szczeblach nauczania\u201d.\u00a0<\/span><\/p>\n<p><span style=\"font-weight: 400;\">Podkre\u015blono, \u017ce realizacja tego celu wymaga \u015bcis\u0142ej, partnerskiej i konstruktywnej wsp\u00f3\u0142pracy mi\u0119dzy instytucjami rz\u0105dowymi, samorz\u0105dami, zwi\u0105zkami zawodowymi, organizacjami pozarz\u0105dowymi i mi\u0119dzynarodowymi, ugrupowaniami politycznymi, m\u0142odzie\u017c\u0105, rodzicami oraz \u015brodowiskiem naukowym i akademickim.\u00a0<\/span><\/p>\n<p><span style=\"font-weight: 400;\">Chcemy niniejszym wyrazi\u0107 nasz\u0105 gotowo\u015b\u0107 do podj\u0119cia tej\u017ce wsp\u00f3\u0142pracy ze wszystkimi wyra\u017caj\u0105cymi tak\u0105 wol\u0119 podmiotami \u2013 deklaruj\u0105 rektorzy warszawskich uczelni.<\/span><\/p>\n<p><span style=\"font-weight: 400;\">jp<\/span><\/p>\n","protected":false},"excerpt":{"rendered":"<p>W Centrum Nauki Kopernik w Warszawie podsumowano prace Okr\u0105g\u0142ego Sto\u0142u dla Edukacji Klimatycznej. Konferencja Rektor\u00f3w Uczelni Warszawskich (KRUW) zaprezentowa\u0142a swoje stanowisko popieraj\u0105ce edukacje klimatyczn\u0105. Powszechna i systemowa edukacja klimatyczna ma kluczowe znaczenie dla zwi\u0119kszania \u015bwiadomo\u015bci na temat zmiany klimatu i mo\u017cliwo\u015bci przeciwdzia\u0142ania negatywnym skutkom wp\u0142ywu cz\u0142owieka na \u015brodowisko \u2013 czytamy w stanowisku KRUW. Rektorzy zaapelowali [&hellip;]<\/p>\n","protected":false},"author":6,"featured_media":224161,"comment_status":"closed","ping_status":"closed","sticky":false,"template":"","format":"standard","meta":[],"categories":[21],"tags":[],"_links":{"self":[{"href":"https:\/\/www.polishscience.pl\/pl\/wp-json\/wp\/v2\/posts\/224135"}],"collection":[{"href":"https:\/\/www.polishscience.pl\/pl\/wp-json\/wp\/v2\/posts"}],"about":[{"href":"https:\/\/www.polishscience.pl\/pl\/wp-json\/wp\/v2\/types\/post"}],"author":[{"embeddable":true,"href":"https:\/\/www.polishscience.pl\/pl\/wp-json\/wp\/v2\/users\/6"}],"replies":[{"embeddable":true,"href":"https:\/\/www.polishscience.pl\/pl\/wp-json\/wp\/v2\/comments?post=224135"}],"version-history":[{"count":0,"href":"https:\/\/www.polishscience.pl\/pl\/wp-json\/wp\/v2\/posts\/224135\/revisions"}],"wp:featuredmedia":[{"embeddable":true,"href":"https:\/\/www.polishscience.pl\/pl\/wp-json\/wp\/v2\/media\/224161"}],"wp:attachment":[{"href":"https:\/\/www.polishscience.pl\/pl\/wp-json\/wp\/v2\/media?parent=224135"}],"wp:term":[{"taxonomy":"category","embeddable":true,"href":"https:\/\/www.polishscience.pl\/pl\/wp-json\/wp\/v2\/categories?post=224135"},{"taxonomy":"post_tag","embeddable":true,"href":"https:\/\/www.polishscience.pl\/pl\/wp-json\/wp\/v2\/tags?post=224135"}],"curies":[{"name":"wp","href":"https:\/\/api.w.org\/{rel}","templated":true}]}}