{"id":182040,"date":"2021-06-10T10:02:48","date_gmt":"2021-06-10T08:02:48","guid":{"rendered":"https:\/\/polishscience.pl\/?p=182040"},"modified":"2021-06-10T10:02:48","modified_gmt":"2021-06-10T08:02:48","slug":"powstaje-szkola-wyzsza-ksztalcaca-kadry-dla-resortu-finansow-i-administracji-skarbowej","status":"publish","type":"post","link":"https:\/\/www.polishscience.pl\/pl\/powstaje-szkola-wyzsza-ksztalcaca-kadry-dla-resortu-finansow-i-administracji-skarbowej\/","title":{"rendered":"Powstaje szko\u0142a wy\u017csza kszta\u0142c\u0105ca kadry dla resortu finans\u00f3w i administracji skarbowej"},"content":{"rendered":"<p><strong>W roku akademickim 2022\/2023 ruszy uczelnia kszta\u0142c\u0105ca kadry resortu finans\u00f3w oraz Krajowej Administracji Skarbowej. List intencyjny w tej sprawie podpisali we wtorek, 8 czerwca 2021 roku, minister edukacji i nauki Przemys\u0142aw Czarnek oraz minister finans\u00f3w\u00a0Tadeusz Ko\u015bci\u0144ski \u2013 informuje Dziennik Gazeta Prawna.<\/strong><\/p>\n<p>Uczelnia powstanie na bazie Krajowej Szko\u0142y Skarbowo\u015bci, kt\u00f3ra obecnie zajmuje si\u0119 doskonaleniem zawodowym pracownik\u00f3w organ\u00f3w skarbowych. W pierwszym roku uruchomi kierunek studi\u00f3w dla absolwent\u00f3w szk\u00f3\u0142 \u015brednich o roboczej nazwie \u201eadministratywista skarbowy\u201d.<\/p>\n<p>Ten kierunek nie b\u0119dzie po\u015bwi\u0119cony wy\u0142\u0105cznie znajomo\u015bci przepis\u00f3w\u00a0prawa\u00a0finansowego i podatkowego, ale r\u00f3wnie\u017c podej\u015bciu do partnera, klienta, jakim jest podatnik. To podej\u015bcie musimy zmieni\u0107. Kompetencje spo\u0142eczne administratywist\u00f3w skarbowych jako absolwent\u00f3w naszej uczelni b\u0119d\u0105 na zdecydowanie wy\u017cszym poziomie ni\u017c teraz \u2013 powiedzia\u0142 minister Czarnek.<\/p>\n<p>jp<\/p>\n","protected":false},"excerpt":{"rendered":"<p>W roku akademickim 2022\/2023 ruszy uczelnia kszta\u0142c\u0105ca kadry resortu finans\u00f3w oraz Krajowej Administracji Skarbowej. List intencyjny w tej sprawie podpisali we wtorek, 8 czerwca 2021 roku, minister edukacji i nauki Przemys\u0142aw Czarnek oraz minister finans\u00f3w\u00a0Tadeusz Ko\u015bci\u0144ski \u2013 informuje Dziennik Gazeta Prawna. Uczelnia powstanie na bazie Krajowej Szko\u0142y Skarbowo\u015bci, kt\u00f3ra obecnie zajmuje si\u0119 doskonaleniem zawodowym pracownik\u00f3w [&hellip;]<\/p>\n","protected":false},"author":6,"featured_media":0,"comment_status":"closed","ping_status":"closed","sticky":false,"template":"","format":"standard","meta":[],"categories":[21],"tags":[],"_links":{"self":[{"href":"https:\/\/www.polishscience.pl\/pl\/wp-json\/wp\/v2\/posts\/182040"}],"collection":[{"href":"https:\/\/www.polishscience.pl\/pl\/wp-json\/wp\/v2\/posts"}],"about":[{"href":"https:\/\/www.polishscience.pl\/pl\/wp-json\/wp\/v2\/types\/post"}],"author":[{"embeddable":true,"href":"https:\/\/www.polishscience.pl\/pl\/wp-json\/wp\/v2\/users\/6"}],"replies":[{"embeddable":true,"href":"https:\/\/www.polishscience.pl\/pl\/wp-json\/wp\/v2\/comments?post=182040"}],"version-history":[{"count":0,"href":"https:\/\/www.polishscience.pl\/pl\/wp-json\/wp\/v2\/posts\/182040\/revisions"}],"wp:attachment":[{"href":"https:\/\/www.polishscience.pl\/pl\/wp-json\/wp\/v2\/media?parent=182040"}],"wp:term":[{"taxonomy":"category","embeddable":true,"href":"https:\/\/www.polishscience.pl\/pl\/wp-json\/wp\/v2\/categories?post=182040"},{"taxonomy":"post_tag","embeddable":true,"href":"https:\/\/www.polishscience.pl\/pl\/wp-json\/wp\/v2\/tags?post=182040"}],"curies":[{"name":"wp","href":"https:\/\/api.w.org\/{rel}","templated":true}]}}