{"id":181880,"date":"2021-06-09T08:57:25","date_gmt":"2021-06-09T06:57:25","guid":{"rendered":"https:\/\/polishscience.pl\/?p=181880"},"modified":"2021-06-09T08:57:25","modified_gmt":"2021-06-09T06:57:25","slug":"uniwersytet-kardynala-stefana-wyszynskiego-rozpoczal-wspolprace-z-agencja-bezpieczenstwa-wewnetrznego","status":"publish","type":"post","link":"https:\/\/www.polishscience.pl\/pl\/uniwersytet-kardynala-stefana-wyszynskiego-rozpoczal-wspolprace-z-agencja-bezpieczenstwa-wewnetrznego\/","title":{"rendered":"Uniwersytet Kardyna\u0142a Stefana Wyszy\u0144skiego rozpocz\u0105\u0142 wsp\u00f3\u0142prac\u0119 z Agencj\u0105 Bezpiecze\u0144stwa Wewn\u0119trznego"},"content":{"rendered":"<p><strong>Rektor Uniwersytetu Kardyna\u0142a Stefana Wyszy\u0144skiego (UKSW) w Warszawie, ks. prof. dr hab. Ryszard Czekalski oraz zast\u0119pca szefa Agencji Bezpiecze\u0144stwa Wewn\u0119trznego (ABW) p\u0142k Bartosz Jarmuszkiewicz, podpisali umow\u0119, kt\u00f3rej g\u0142\u00f3wne za\u0142o\u017cenia to: rozw\u00f3j wzajemnej wsp\u00f3\u0142pracy w zakresie dzia\u0142alno\u015bci naukowo-badawczej oraz dydaktyczno-popularyzatorskiej, a tak\u017ce wydawniczej.<\/strong><\/p>\n<p>Podpisana umowa o wsp\u00f3\u0142pracy obejmuje szczeg\u00f3lnie: wsp\u00f3\u0142organizacj\u0119 wyk\u0142ad\u00f3w, spotka\u0144, narad, konferencji, a tak\u017ce wsp\u00f3lnych projekt\u00f3w naukowo-badawczych lub studi\u00f3w podyplomowych, wymian\u0119 do\u015bwiadcze\u0144 w zakresie organizacji procesu dydaktycznego, w tym tworzenia program\u00f3w nauczania i prowadzenia szkole\u0144, praktyk zawodowych lub studenckich oraz opracowywanie wydawnictw naukowych.<\/p>\n<p>Koordynatorami wsp\u00f3lnych dzia\u0142a\u0144 b\u0119d\u0105: ze strony UKSW prorektor do spraw studenckich i kszta\u0142cenia dr hab. Anna Fidelus, prof.ucz., ze strony ABW dyrektor Biura Kadr ABW.<\/p>\n<p>jp<\/p>\n","protected":false},"excerpt":{"rendered":"<p>Rektor Uniwersytetu Kardyna\u0142a Stefana Wyszy\u0144skiego (UKSW) w Warszawie, ks. prof. dr hab. Ryszard Czekalski oraz zast\u0119pca szefa Agencji Bezpiecze\u0144stwa Wewn\u0119trznego (ABW) p\u0142k Bartosz Jarmuszkiewicz, podpisali umow\u0119, kt\u00f3rej g\u0142\u00f3wne za\u0142o\u017cenia to: rozw\u00f3j wzajemnej wsp\u00f3\u0142pracy w zakresie dzia\u0142alno\u015bci naukowo-badawczej oraz dydaktyczno-popularyzatorskiej, a tak\u017ce wydawniczej. Podpisana umowa o wsp\u00f3\u0142pracy obejmuje szczeg\u00f3lnie: wsp\u00f3\u0142organizacj\u0119 wyk\u0142ad\u00f3w, spotka\u0144, narad, konferencji, a tak\u017ce [&hellip;]<\/p>\n","protected":false},"author":6,"featured_media":0,"comment_status":"closed","ping_status":"closed","sticky":false,"template":"","format":"standard","meta":[],"categories":[21],"tags":[],"_links":{"self":[{"href":"https:\/\/www.polishscience.pl\/pl\/wp-json\/wp\/v2\/posts\/181880"}],"collection":[{"href":"https:\/\/www.polishscience.pl\/pl\/wp-json\/wp\/v2\/posts"}],"about":[{"href":"https:\/\/www.polishscience.pl\/pl\/wp-json\/wp\/v2\/types\/post"}],"author":[{"embeddable":true,"href":"https:\/\/www.polishscience.pl\/pl\/wp-json\/wp\/v2\/users\/6"}],"replies":[{"embeddable":true,"href":"https:\/\/www.polishscience.pl\/pl\/wp-json\/wp\/v2\/comments?post=181880"}],"version-history":[{"count":0,"href":"https:\/\/www.polishscience.pl\/pl\/wp-json\/wp\/v2\/posts\/181880\/revisions"}],"wp:attachment":[{"href":"https:\/\/www.polishscience.pl\/pl\/wp-json\/wp\/v2\/media?parent=181880"}],"wp:term":[{"taxonomy":"category","embeddable":true,"href":"https:\/\/www.polishscience.pl\/pl\/wp-json\/wp\/v2\/categories?post=181880"},{"taxonomy":"post_tag","embeddable":true,"href":"https:\/\/www.polishscience.pl\/pl\/wp-json\/wp\/v2\/tags?post=181880"}],"curies":[{"name":"wp","href":"https:\/\/api.w.org\/{rel}","templated":true}]}}