{"id":169739,"date":"2021-03-04T11:30:06","date_gmt":"2021-03-04T10:30:06","guid":{"rendered":"https:\/\/polishscience.pl\/?p=169739"},"modified":"2021-03-04T11:30:06","modified_gmt":"2021-03-04T10:30:06","slug":"iii-bialostockie-forum-kognitywistyczne","status":"publish","type":"post","link":"https:\/\/www.polishscience.pl\/pl\/iii-bialostockie-forum-kognitywistyczne\/","title":{"rendered":"III Bia\u0142ostockie Forum Kognitywistyczne"},"content":{"rendered":"<p style=\"margin: 0cm 0cm 8.0pt 0cm;\"><b><span style=\"color: black;\">Relacja mi\u0119dzy \u015bwiadomymi i nie\u015bwiadomymi procesami poznawczymi, procesy poznawcze przebiegaj\u0105ce w stanach zaburzonej \u015bwiadomo\u015bci i podczas snu, problem \u015bwiadomo\u015bci w kontek\u015bcie bada\u0144 nad sztuczn\u0105 inteligencj\u0105 \u2013 to niekt\u00f3re z temat\u00f3w, jakie znalaz\u0142y si\u0119 w programie III Bia\u0142ostockiego Forum Kognitywistycznego, kt\u00f3re w dniach 5-6 marca 2021 roku organizuje Instytut Filozofii Uniwersytetu w Bia\u0142ymstoku (UwB) oraz Ko\u0142o Naukowe Kognitywist\u00f3w UwB.<\/span><\/b><\/p>\n<p style=\"margin: 0cm 0cm 8.0pt 0cm;\"><span style=\"color: black;\">Podczas Forum wyk\u0142ady wyg\u0142osz\u0105 zaproszeni go\u015bcie. Prof. dr hab. Napoleon Waszkiewicz (Uniwersytet Medyczny w Bia\u0142ymstoku) b\u0119dzie m\u00f3wi\u0142 o majaczeniu poznawczym. Psycholog dr Piotr Markiewicz (Uniwersytet Warmi\u0144sko-Mazurski w Olsztynie) opowie o utajonych procesach poznawczych, jakie maj\u0105 miejsce podczas snu.\u00a0<\/span><\/p>\n<p style=\"margin: 0cm 0cm 8.0pt 0cm;\"><span style=\"color: black;\">O histerii w kontek\u015bcie nowych bada\u0144 nad nie\u015bwiadomymi procesami poznawczymi b\u0119dzie m\u00f3wi\u0142a dr Mira Marcin\u00f3w (O\u015brodek My\u015bli Psychoanalitycznej, Instytut Filologii Polskiej Akademii Nauk). Natomiast dr Magdalena Reuter (Uniwersytet Pedagogiczny w Krakowie) zajmie si\u0119 wywiadem fenomenologicznym w badaniach kognitywistycznych.<\/span><\/p>\n<p style=\"margin: 0cm 0cm 8.0pt 0cm;\"><span style=\"color: black;\">jp<\/span><\/p>\n","protected":false},"excerpt":{"rendered":"<p>Relacja mi\u0119dzy \u015bwiadomymi i nie\u015bwiadomymi procesami poznawczymi, procesy poznawcze przebiegaj\u0105ce w stanach zaburzonej \u015bwiadomo\u015bci i podczas snu, problem \u015bwiadomo\u015bci w kontek\u015bcie bada\u0144 nad sztuczn\u0105 inteligencj\u0105 \u2013 to niekt\u00f3re z temat\u00f3w, jakie znalaz\u0142y si\u0119 w programie III Bia\u0142ostockiego Forum Kognitywistycznego, kt\u00f3re w dniach 5-6 marca 2021 roku organizuje Instytut Filozofii Uniwersytetu w Bia\u0142ymstoku (UwB) oraz Ko\u0142o [&hellip;]<\/p>\n","protected":false},"author":6,"featured_media":0,"comment_status":"closed","ping_status":"closed","sticky":false,"template":"","format":"standard","meta":[],"categories":[22],"tags":[],"_links":{"self":[{"href":"https:\/\/www.polishscience.pl\/pl\/wp-json\/wp\/v2\/posts\/169739"}],"collection":[{"href":"https:\/\/www.polishscience.pl\/pl\/wp-json\/wp\/v2\/posts"}],"about":[{"href":"https:\/\/www.polishscience.pl\/pl\/wp-json\/wp\/v2\/types\/post"}],"author":[{"embeddable":true,"href":"https:\/\/www.polishscience.pl\/pl\/wp-json\/wp\/v2\/users\/6"}],"replies":[{"embeddable":true,"href":"https:\/\/www.polishscience.pl\/pl\/wp-json\/wp\/v2\/comments?post=169739"}],"version-history":[{"count":0,"href":"https:\/\/www.polishscience.pl\/pl\/wp-json\/wp\/v2\/posts\/169739\/revisions"}],"wp:attachment":[{"href":"https:\/\/www.polishscience.pl\/pl\/wp-json\/wp\/v2\/media?parent=169739"}],"wp:term":[{"taxonomy":"category","embeddable":true,"href":"https:\/\/www.polishscience.pl\/pl\/wp-json\/wp\/v2\/categories?post=169739"},{"taxonomy":"post_tag","embeddable":true,"href":"https:\/\/www.polishscience.pl\/pl\/wp-json\/wp\/v2\/tags?post=169739"}],"curies":[{"name":"wp","href":"https:\/\/api.w.org\/{rel}","templated":true}]}}