{"id":148515,"date":"2020-10-06T15:11:15","date_gmt":"2020-10-06T13:11:15","guid":{"rendered":"https:\/\/polishscience.pl\/?p=148515"},"modified":"2020-10-06T23:37:59","modified_gmt":"2020-10-06T21:37:59","slug":"uczen-liceum-politechniki-wroclawskiej-zlotym-medalista-miedzynarodowej-olimpiady-matematycznej","status":"publish","type":"post","link":"https:\/\/www.polishscience.pl\/pl\/uczen-liceum-politechniki-wroclawskiej-zlotym-medalista-miedzynarodowej-olimpiady-matematycznej\/","title":{"rendered":"Ucze\u0144 Liceum Politechniki Wroc\u0142awskiej z\u0142otym medalist\u0105 Mi\u0119dzynarodowej Olimpiady Matematycznej"},"content":{"rendered":"<p><strong>\u0141ukasz Orski &#8211; ucze\u0144 III klasy Akademickiego Liceum Og\u00f3lnokszta\u0142c\u0105cego Politechniki Wroc\u0142awskiej &#8211; zdoby\u0142 z\u0142oty medal Mi\u0119dzynarodowej Olimpiady Matematycznej. To najbardziej presti\u017cowe zawody matematyczne dla uczni\u00f3w szk\u00f3\u0142 \u015brednich na \u015bwiecie \u2013 informuje uczelnia.<\/strong><\/p>\n<p>Mi\u0119dzynarodowa Olimpiada Matematyczna co roku rozgrywana jest w innym kraju,\u00a0 gospodarzem tegorocznej edycji by\u0142a Rosja. Ze wzgl\u0119du na pandemi\u0119 koronawirusa fina\u0142y odbywa\u0142y si\u0119 zdalnie. Na ca\u0142ym \u015bwiecie zorganizowano specjalne centra, w kt\u00f3rych zbiera\u0142y si\u0119 poszczeg\u00f3lne reprezentacje. Polacy rozwi\u0105zywali zadania na Uniwersytecie Jagiello\u0144skim w Krakowie.<\/p>\n<p>Olimpiada trwa\u0142a dwa dni, w trakcie kt\u00f3rych uczestnicy musieli si\u0119\u00a0zmierzy\u0107 z sze\u015bcioma zadaniami o rosn\u0105cym stopniu trudno\u015bci. Reprezentacja Polski wywalczy\u0142a \u0142\u0105cznie sze\u015b\u0107 medali \u2013 dwa z\u0142ote, trzy srebrne oraz jeden br\u0105zowy i w klasyfikacji generalnej zaj\u0119\u0142a sz\u00f3ste miejsce na 105 pa\u0144stw. Tak wysoko polscy uczniowie nie byli od lat 80.<\/p>\n<p>Wi\u0119cej: <a href=\"https:\/\/pwr.edu.pl\/uczelnia\/aktualnosci\/uczen-alo-pwr-zlotym-medalista-miedzynarodowej-olimpiady-matematycznej-11725.html\">https:\/\/pwr.edu.pl\/uczelnia\/aktualnosci\/uczen-alo-pwr-zlotym-medalista-miedzynarodowej-olimpiady-matematycznej-11725.html<\/a><\/p>\n<p>&nbsp;<\/p>\n<p>jsz<\/p>\n","protected":false},"excerpt":{"rendered":"<p>\u0141ukasz Orski &#8211; ucze\u0144 III klasy Akademickiego Liceum Og\u00f3lnokszta\u0142c\u0105cego Politechniki Wroc\u0142awskiej &#8211; zdoby\u0142 z\u0142oty medal Mi\u0119dzynarodowej Olimpiady Matematycznej. To najbardziej presti\u017cowe zawody matematyczne dla uczni\u00f3w szk\u00f3\u0142 \u015brednich na \u015bwiecie \u2013 informuje uczelnia. Mi\u0119dzynarodowa Olimpiada Matematyczna co roku rozgrywana jest w innym kraju,\u00a0 gospodarzem tegorocznej edycji by\u0142a Rosja. Ze wzgl\u0119du na pandemi\u0119 koronawirusa fina\u0142y odbywa\u0142y si\u0119 [&hellip;]<\/p>\n","protected":false},"author":6,"featured_media":0,"comment_status":"closed","ping_status":"closed","sticky":false,"template":"","format":"standard","meta":[],"categories":[22],"tags":[],"_links":{"self":[{"href":"https:\/\/www.polishscience.pl\/pl\/wp-json\/wp\/v2\/posts\/148515"}],"collection":[{"href":"https:\/\/www.polishscience.pl\/pl\/wp-json\/wp\/v2\/posts"}],"about":[{"href":"https:\/\/www.polishscience.pl\/pl\/wp-json\/wp\/v2\/types\/post"}],"author":[{"embeddable":true,"href":"https:\/\/www.polishscience.pl\/pl\/wp-json\/wp\/v2\/users\/6"}],"replies":[{"embeddable":true,"href":"https:\/\/www.polishscience.pl\/pl\/wp-json\/wp\/v2\/comments?post=148515"}],"version-history":[{"count":0,"href":"https:\/\/www.polishscience.pl\/pl\/wp-json\/wp\/v2\/posts\/148515\/revisions"}],"wp:attachment":[{"href":"https:\/\/www.polishscience.pl\/pl\/wp-json\/wp\/v2\/media?parent=148515"}],"wp:term":[{"taxonomy":"category","embeddable":true,"href":"https:\/\/www.polishscience.pl\/pl\/wp-json\/wp\/v2\/categories?post=148515"},{"taxonomy":"post_tag","embeddable":true,"href":"https:\/\/www.polishscience.pl\/pl\/wp-json\/wp\/v2\/tags?post=148515"}],"curies":[{"name":"wp","href":"https:\/\/api.w.org\/{rel}","templated":true}]}}