{"id":133533,"date":"2020-06-22T15:23:17","date_gmt":"2020-06-22T13:23:17","guid":{"rendered":"http:\/\/polishscience.pl\/?p=133533"},"modified":"2020-06-23T10:43:57","modified_gmt":"2020-06-23T08:43:57","slug":"xxiii-miedzynarodowy-kongres-nauk-historycznych-przesuniety-o-rok","status":"publish","type":"post","link":"https:\/\/www.polishscience.pl\/pl\/xxiii-miedzynarodowy-kongres-nauk-historycznych-przesuniety-o-rok\/","title":{"rendered":"XXIII Mi\u0119dzynarodowy Kongres Nauk Historycznych przesuni\u0119ty o rok"},"content":{"rendered":"<p><strong>XXIII Mi\u0119dzynarodowy Kongres Nauk Historycznych, kt\u00f3rego wsp\u00f3\u0142organizatorem jest Uniwersytet Adama Mickiewicza w Poznaniu odb\u0119dzie si\u0119 za rok, a nie, jak planowano, w sierpniu tego roku. Na przeszkodzie stan\u0119\u0142a pandemia \u2013 informuje uczelnia.\u00a0<\/strong><\/p>\n<p>Kongres rozpocznie si\u0119 22 sierpnia 2021 roku i potrwa do 28 sierpnia. Centrum Kongresowe znajdowa\u0107 si\u0119 b\u0119dzie w Centrum Kultury Zamek, historycy obradowa\u0107 b\u0119d\u0105 tak\u017ce w Collegium Minus, Collegium Maius i Collegium Novum pozna\u0144skiej uczelni i na terenie Mi\u0119dzynarodowych Targ\u00f3w Pozna\u0144skich oraz w siedzibie Wydzia\u0142u Historii na Morasku.<\/p>\n<p>Podczas kongresu ma si\u0119 odby\u0107 oko\u0142o 70 r\u00f3\u017cnych paneli. Ponadto planowanych jest 15 tzw. Joint Sessions, oko\u0142o 20 okr\u0105g\u0142ych sto\u0142\u00f3w (Round Tables), a tak\u017ce oko\u0142o 30 sesji specjalistycznych<\/p>\n<p>Pierwsze spotkanie historyk\u00f3w z ca\u0142ego \u015bwiata mia\u0142o miejsce w Pary\u017cu w 1900 roku. Odt\u0105d kongresy odbywa\u0142y si\u0119 przewa\u017cnie co pi\u0119\u0107 lat.\u00a0 Polska by\u0142a gospodarzem tylko raz, w roku 1933, kiedy to historycy spotkali si\u0119 w Warszawie.<\/p>\n<p>Wi\u0119cej: <a href=\"https:\/\/amu.edu.pl\/wiadomosci\/aktualnosci\/pracownicy\/dla-mediow\/komunikaty-prasowe\/historycy-z-pewnoscia-zapamietaja-te-date\">https:\/\/amu.edu.pl\/wiadomosci\/aktualnosci\/pracownicy\/dla-mediow\/komunikaty-prasowe\/historycy-z-pewnoscia-zapamietaja-te-date<\/a><\/p>\n<p>&nbsp;<\/p>\n<p>jsz<\/p>\n","protected":false},"excerpt":{"rendered":"<p>XXIII Mi\u0119dzynarodowy Kongres Nauk Historycznych, kt\u00f3rego wsp\u00f3\u0142organizatorem jest Uniwersytet Adama Mickiewicza w Poznaniu odb\u0119dzie si\u0119 za rok, a nie, jak planowano, w sierpniu tego roku. Na przeszkodzie stan\u0119\u0142a pandemia \u2013 informuje uczelnia.\u00a0 Kongres rozpocznie si\u0119 22 sierpnia 2021 roku i potrwa do 28 sierpnia. Centrum Kongresowe znajdowa\u0107 si\u0119 b\u0119dzie w Centrum Kultury Zamek, historycy obradowa\u0107 [&hellip;]<\/p>\n","protected":false},"author":6,"featured_media":0,"comment_status":"closed","ping_status":"closed","sticky":false,"template":"","format":"standard","meta":[],"categories":[22],"tags":[],"_links":{"self":[{"href":"https:\/\/www.polishscience.pl\/pl\/wp-json\/wp\/v2\/posts\/133533"}],"collection":[{"href":"https:\/\/www.polishscience.pl\/pl\/wp-json\/wp\/v2\/posts"}],"about":[{"href":"https:\/\/www.polishscience.pl\/pl\/wp-json\/wp\/v2\/types\/post"}],"author":[{"embeddable":true,"href":"https:\/\/www.polishscience.pl\/pl\/wp-json\/wp\/v2\/users\/6"}],"replies":[{"embeddable":true,"href":"https:\/\/www.polishscience.pl\/pl\/wp-json\/wp\/v2\/comments?post=133533"}],"version-history":[{"count":0,"href":"https:\/\/www.polishscience.pl\/pl\/wp-json\/wp\/v2\/posts\/133533\/revisions"}],"wp:attachment":[{"href":"https:\/\/www.polishscience.pl\/pl\/wp-json\/wp\/v2\/media?parent=133533"}],"wp:term":[{"taxonomy":"category","embeddable":true,"href":"https:\/\/www.polishscience.pl\/pl\/wp-json\/wp\/v2\/categories?post=133533"},{"taxonomy":"post_tag","embeddable":true,"href":"https:\/\/www.polishscience.pl\/pl\/wp-json\/wp\/v2\/tags?post=133533"}],"curies":[{"name":"wp","href":"https:\/\/api.w.org\/{rel}","templated":true}]}}