{"id":128686,"date":"2020-05-19T10:05:17","date_gmt":"2020-05-19T08:05:17","guid":{"rendered":"http:\/\/polishscience.pl\/?p=128686"},"modified":"2020-05-19T10:05:17","modified_gmt":"2020-05-19T08:05:17","slug":"dni-afryki-w-olsztynie-odbeda-sie-online","status":"publish","type":"post","link":"https:\/\/www.polishscience.pl\/pl\/dni-afryki-w-olsztynie-odbeda-sie-online\/","title":{"rendered":"Dni Afryki w Olsztynie odb\u0119d\u0105 si\u0119 online"},"content":{"rendered":"<p style=\"margin: 0cm 0cm 8.0pt 0cm;\"><b><span style=\"color: black;\">&#8222;Afryka w j\u0119zykach \u2013 j\u0119zyki w Afryce&#8221; to tegoroczne has\u0142o organizowanych na Uniwersytecie Warmi\u0144sko-Mazurskim (UWM) w Olsztynie Dni Afryki. Mi\u0119dzynarodowa konferencja naukowa odb\u0119dzie si\u0119 23 czerwca 2020 roku w trybie online.<\/span><\/b><\/p>\n<p style=\"margin: 0cm 0cm 8.0pt 0cm;\"><span style=\"color: black;\">W tym roku w zwi\u0105zku z sytuacj\u0105 na ca\u0142ym \u015bwiecie musieli\u015bmy zmieni\u0107 form\u0119 konferencji. Podj\u0119li\u015bmy decyzj\u0119, \u017ce odb\u0119dzie si\u0119 w formie online 23 czerwca. B\u0119dzie jednodniowa i bezp\u0142atna &#8211; powiedzia\u0142 na antenie Radia UWM FM dr hab. Bara Ndiaye, Przewodnicz\u0105cy Komitetu Organizacyjnego.<\/span><\/p>\n<p style=\"margin: 0cm 0cm 8.0pt 0cm;\"><span style=\"color: black;\">W ramach konferencji przewidziano nast\u0119puj\u0105ce bloki problemowe: J\u0119zyki Afryki; J\u0119zyki oficjalne w Afryce Pi\u015bmienno\u015b\u0107 j\u0119zyk\u00f3w w Afryce; J\u0119zyki afryka\u0144skie i aspekty przek\u0142adu; J\u0119zyki afryka\u0144skie i komunikacja mi\u0119dzykulturowa; Dyskurs historyczny na temat Afryki; Dyskurs antropologiczno-etnologiczny na temat Afryki; Dyskurs polityczny na temat Afryki; Dyskurs medialny na temat Afryki; Dyskurs ekonomiczny na temat Afryki oraz Dyskurs naukowy na temat Afryki.<\/span><\/p>\n<p style=\"margin: 0cm 0cm 8.0pt 0cm;\"><span style=\"color: black;\">jp<\/span><\/p>\n","protected":false},"excerpt":{"rendered":"<p>&#8222;Afryka w j\u0119zykach \u2013 j\u0119zyki w Afryce&#8221; to tegoroczne has\u0142o organizowanych na Uniwersytecie Warmi\u0144sko-Mazurskim (UWM) w Olsztynie Dni Afryki. Mi\u0119dzynarodowa konferencja naukowa odb\u0119dzie si\u0119 23 czerwca 2020 roku w trybie online. W tym roku w zwi\u0105zku z sytuacj\u0105 na ca\u0142ym \u015bwiecie musieli\u015bmy zmieni\u0107 form\u0119 konferencji. Podj\u0119li\u015bmy decyzj\u0119, \u017ce odb\u0119dzie si\u0119 w formie online 23 czerwca. [&hellip;]<\/p>\n","protected":false},"author":6,"featured_media":0,"comment_status":"closed","ping_status":"closed","sticky":false,"template":"","format":"standard","meta":[],"categories":[22],"tags":[],"_links":{"self":[{"href":"https:\/\/www.polishscience.pl\/pl\/wp-json\/wp\/v2\/posts\/128686"}],"collection":[{"href":"https:\/\/www.polishscience.pl\/pl\/wp-json\/wp\/v2\/posts"}],"about":[{"href":"https:\/\/www.polishscience.pl\/pl\/wp-json\/wp\/v2\/types\/post"}],"author":[{"embeddable":true,"href":"https:\/\/www.polishscience.pl\/pl\/wp-json\/wp\/v2\/users\/6"}],"replies":[{"embeddable":true,"href":"https:\/\/www.polishscience.pl\/pl\/wp-json\/wp\/v2\/comments?post=128686"}],"version-history":[{"count":0,"href":"https:\/\/www.polishscience.pl\/pl\/wp-json\/wp\/v2\/posts\/128686\/revisions"}],"wp:attachment":[{"href":"https:\/\/www.polishscience.pl\/pl\/wp-json\/wp\/v2\/media?parent=128686"}],"wp:term":[{"taxonomy":"category","embeddable":true,"href":"https:\/\/www.polishscience.pl\/pl\/wp-json\/wp\/v2\/categories?post=128686"},{"taxonomy":"post_tag","embeddable":true,"href":"https:\/\/www.polishscience.pl\/pl\/wp-json\/wp\/v2\/tags?post=128686"}],"curies":[{"name":"wp","href":"https:\/\/api.w.org\/{rel}","templated":true}]}}