{"id":128001,"date":"2020-05-14T09:05:22","date_gmt":"2020-05-14T07:05:22","guid":{"rendered":"http:\/\/polishscience.pl\/?p=128001"},"modified":"2020-05-14T09:05:22","modified_gmt":"2020-05-14T07:05:22","slug":"prof-jacek-popiel-nowym-rektorem-uniwersytetu-jagiellonskiego","status":"publish","type":"post","link":"https:\/\/www.polishscience.pl\/pl\/prof-jacek-popiel-nowym-rektorem-uniwersytetu-jagiellonskiego\/","title":{"rendered":"Prof. Jacek Popiel nowym rektorem Uniwersytetu Jagiello\u0144skiego"},"content":{"rendered":"<p style=\"margin: 0cm 0cm 8.0pt 0cm;\"><b><span style=\"color: black;\">Dotychczasowy prorektor ds. polityki kadrowej i finansowej prof. Jacek Popiel zostanie nowym rektorem Uniwersytetu Jagiello\u0144skiego (UJ). 12 maja jego kandydatur\u0119 popar\u0142o 193 przedstawicieli kolegium elektorskiego. Z powodu pandemii g\u0142osowanie odby\u0142o si\u0119 drog\u0105 elektroniczn\u0105. W wyborach na kadencj\u0119 2020-2024 by\u0142 jedynym kandydatem.<\/span><\/b><\/p>\n<p style=\"margin: 0cm 0cm 8.0pt 0cm;\"><span style=\"color: black;\">Jak informuje UJ, wyboru 306. rektora UJ dokona\u0142o Kolegium Elektor\u00f3w sk\u0142adaj\u0105ce si\u0119 z 227 os\u00f3b reprezentuj\u0105cych wszystkich cz\u0142onk\u00f3w uniwersyteckiej wsp\u00f3lnoty. Kadencja nowego rektora UJ rozpocznie si\u0119 1 wrze\u015bnia.<\/span><\/p>\n<p style=\"margin: 0cm 0cm 8.0pt 0cm;\"><span style=\"color: black;\">To wielkie wyr\u00f3\u017cnienie, a zarazem wielki obowi\u0105zek, w momencie kiedy jeste\u015bmy w bardzo szczeg\u00f3lnym czasie, w \u015bwiecie pandemii. W tej chwili jest najistotniejsze, by umo\u017cliwi\u0107 wszystkim pracownikom, studentom i doktorantom bezpieczne prowadzenie bada\u0144 naukowych jak i organizacj\u0119 \u017cycia akademickiego. To b\u0119dzie jeden z moich pierwszych obowi\u0105zk\u00f3w &#8211; powiedzia\u0142 nowo wybrany rektor UJ.\u00a0<\/span><\/p>\n<p style=\"margin: 0cm 0cm 8.0pt 0cm;\"><span style=\"color: black;\">Jacek Popiel jest profesorem nauk humanistycznych w zakresie literaturoznawstwa i teatrologii. W Uniwersytecie Jagiello\u0144skim pracuje od 1977 roku. By\u0142 dyrektorem Instytutu Polonistyki, a nast\u0119pnie dziekanem Wydzia\u0142u Polonistyki. Od 2012 jest prorektorem ds. polityki kadrowej i finansowej.<\/span><\/p>\n<p style=\"margin: 0cm 0cm 8.0pt 0cm;\"><span style=\"color: black;\">jp<\/span><\/p>\n","protected":false},"excerpt":{"rendered":"<p>Dotychczasowy prorektor ds. polityki kadrowej i finansowej prof. Jacek Popiel zostanie nowym rektorem Uniwersytetu Jagiello\u0144skiego (UJ). 12 maja jego kandydatur\u0119 popar\u0142o 193 przedstawicieli kolegium elektorskiego. Z powodu pandemii g\u0142osowanie odby\u0142o si\u0119 drog\u0105 elektroniczn\u0105. W wyborach na kadencj\u0119 2020-2024 by\u0142 jedynym kandydatem. Jak informuje UJ, wyboru 306. rektora UJ dokona\u0142o Kolegium Elektor\u00f3w sk\u0142adaj\u0105ce si\u0119 z 227 [&hellip;]<\/p>\n","protected":false},"author":6,"featured_media":0,"comment_status":"closed","ping_status":"closed","sticky":false,"template":"","format":"standard","meta":[],"categories":[21],"tags":[],"_links":{"self":[{"href":"https:\/\/www.polishscience.pl\/pl\/wp-json\/wp\/v2\/posts\/128001"}],"collection":[{"href":"https:\/\/www.polishscience.pl\/pl\/wp-json\/wp\/v2\/posts"}],"about":[{"href":"https:\/\/www.polishscience.pl\/pl\/wp-json\/wp\/v2\/types\/post"}],"author":[{"embeddable":true,"href":"https:\/\/www.polishscience.pl\/pl\/wp-json\/wp\/v2\/users\/6"}],"replies":[{"embeddable":true,"href":"https:\/\/www.polishscience.pl\/pl\/wp-json\/wp\/v2\/comments?post=128001"}],"version-history":[{"count":0,"href":"https:\/\/www.polishscience.pl\/pl\/wp-json\/wp\/v2\/posts\/128001\/revisions"}],"wp:attachment":[{"href":"https:\/\/www.polishscience.pl\/pl\/wp-json\/wp\/v2\/media?parent=128001"}],"wp:term":[{"taxonomy":"category","embeddable":true,"href":"https:\/\/www.polishscience.pl\/pl\/wp-json\/wp\/v2\/categories?post=128001"},{"taxonomy":"post_tag","embeddable":true,"href":"https:\/\/www.polishscience.pl\/pl\/wp-json\/wp\/v2\/tags?post=128001"}],"curies":[{"name":"wp","href":"https:\/\/api.w.org\/{rel}","templated":true}]}}