{"id":126870,"date":"2020-05-07T09:01:50","date_gmt":"2020-05-07T07:01:50","guid":{"rendered":"http:\/\/polishscience.pl\/?p=126870"},"modified":"2020-05-07T09:01:50","modified_gmt":"2020-05-07T07:01:50","slug":"otwarto-nabor-w-programie-promocja-jezyka-polskiego","status":"publish","type":"post","link":"https:\/\/www.polishscience.pl\/pl\/otwarto-nabor-w-programie-promocja-jezyka-polskiego\/","title":{"rendered":"Otwarto nab\u00f3r w Programie Promocja J\u0119zyka Polskiego"},"content":{"rendered":"<p style=\"margin: 0cm 0cm 8.0pt 0cm;\"><b><span style=\"color: black;\">Narodowa Agencja Wymiany Akademickiej (NAWA) informuje, \u017ce od 5 maja trwa nab\u00f3r w\u00a0Programie Promocja J\u0119zyka Polskiego. Termin sk\u0142adania aplikacji up\u0142ywa 31 lipca.\u00a0Celem Programu\u00a0jest promocja j\u0119zyka polskiego powi\u0105zana z\u00a0elementami historii i\u00a0kultury Polski.\u00a0<\/span><\/b><\/p>\n<p style=\"margin: 0cm 0cm 8.0pt 0cm;\"><span style=\"color: black;\">NAWA zaprasza do sk\u0142adania wniosk\u00f3w \u201eskierowanych do szerszego grona odbiorc\u00f3w, kt\u00f3re s\u0142u\u017cy\u0107 b\u0119d\u0105 rozpowszechnianiu j\u0119zyka polskiego jako obcego i\u00a0wzmocnieniu jako\u015bci jego nauczania, ze wskazaniem na projekty realizowane zagranic\u0105\u201d. Proponowane dzia\u0142ania powinny cechowa\u0107 si\u0119 kreatywno\u015bci\u0105 oraz wysokim stopniem dopasowania do potrzeb grupy docelowej.<\/span><\/p>\n<p style=\"margin: 0cm 0cm 8.0pt 0cm;\"><span style=\"color: black;\">O\u00a0udzia\u0142 w\u00a0Programie mog\u0105 ubiega\u0107 si\u0119 polskie uczelnie i\u00a0instytucje naukowe podejmuj\u0105ce dzia\u0142ania na rzecz promocji j\u0119zyka polskiego na poziomie akademickim. Mog\u0105 to zrobi\u0107 samodzielnie lub we wsp\u00f3\u0142pracy z\u00a0mi\u0119dzynarodowymi partnerami.<\/span><\/p>\n<p style=\"margin: 0cm 0cm 8.0pt 0cm;\"><span style=\"color: black;\">jp<\/span><\/p>\n","protected":false},"excerpt":{"rendered":"<p>Narodowa Agencja Wymiany Akademickiej (NAWA) informuje, \u017ce od 5 maja trwa nab\u00f3r w\u00a0Programie Promocja J\u0119zyka Polskiego. Termin sk\u0142adania aplikacji up\u0142ywa 31 lipca.\u00a0Celem Programu\u00a0jest promocja j\u0119zyka polskiego powi\u0105zana z\u00a0elementami historii i\u00a0kultury Polski.\u00a0 NAWA zaprasza do sk\u0142adania wniosk\u00f3w \u201eskierowanych do szerszego grona odbiorc\u00f3w, kt\u00f3re s\u0142u\u017cy\u0107 b\u0119d\u0105 rozpowszechnianiu j\u0119zyka polskiego jako obcego i\u00a0wzmocnieniu jako\u015bci jego nauczania, ze wskazaniem [&hellip;]<\/p>\n","protected":false},"author":6,"featured_media":0,"comment_status":"closed","ping_status":"closed","sticky":false,"template":"","format":"standard","meta":[],"categories":[16,21],"tags":[],"_links":{"self":[{"href":"https:\/\/www.polishscience.pl\/pl\/wp-json\/wp\/v2\/posts\/126870"}],"collection":[{"href":"https:\/\/www.polishscience.pl\/pl\/wp-json\/wp\/v2\/posts"}],"about":[{"href":"https:\/\/www.polishscience.pl\/pl\/wp-json\/wp\/v2\/types\/post"}],"author":[{"embeddable":true,"href":"https:\/\/www.polishscience.pl\/pl\/wp-json\/wp\/v2\/users\/6"}],"replies":[{"embeddable":true,"href":"https:\/\/www.polishscience.pl\/pl\/wp-json\/wp\/v2\/comments?post=126870"}],"version-history":[{"count":0,"href":"https:\/\/www.polishscience.pl\/pl\/wp-json\/wp\/v2\/posts\/126870\/revisions"}],"wp:attachment":[{"href":"https:\/\/www.polishscience.pl\/pl\/wp-json\/wp\/v2\/media?parent=126870"}],"wp:term":[{"taxonomy":"category","embeddable":true,"href":"https:\/\/www.polishscience.pl\/pl\/wp-json\/wp\/v2\/categories?post=126870"},{"taxonomy":"post_tag","embeddable":true,"href":"https:\/\/www.polishscience.pl\/pl\/wp-json\/wp\/v2\/tags?post=126870"}],"curies":[{"name":"wp","href":"https:\/\/api.w.org\/{rel}","templated":true}]}}