{"id":121005,"date":"2020-03-25T10:05:59","date_gmt":"2020-03-25T09:05:59","guid":{"rendered":"http:\/\/polishscience.pl\/?p=121005"},"modified":"2020-03-25T10:05:59","modified_gmt":"2020-03-25T09:05:59","slug":"minister-nauki-spotkal-sie-za-studentami","status":"publish","type":"post","link":"https:\/\/www.polishscience.pl\/pl\/minister-nauki-spotkal-sie-za-studentami\/","title":{"rendered":"Minister nauki \u201espotka\u0142 si\u0119\u201d za studentami"},"content":{"rendered":"<p style=\"margin: 0cm 0cm 8.0pt 0cm;\"><b><span style=\"color: black;\">Wicepremier, minister nauki i szkolnictwa wy\u017cszego Jaros\u0142aw Gowin odpowiada\u0142 na pytania student\u00f3w zwi\u0105zane z funkcjonowaniem uczelni w czasie i po epidemii koronawirusa. Spotkanie on-line zorganizowa\u0142 Parlament Student\u00f3w RP w ramach akcji \u201eStudent sam w domu\u201d.<\/span><\/b><\/p>\n<p style=\"margin: 0cm 0cm 8.0pt 0cm;\"><span style=\"color: black;\">Czy zawieszenie zaj\u0119\u0107 dydaktycznych o kolejne dwa tygodnie, do Wielkanocy, spowoduje wyd\u0142u\u017cenie semestru \u2013 pytali studenci.<\/span><\/p>\n<p style=\"margin: 0cm 0cm 8.0pt 0cm;\"><span style=\"color: black;\">Je\u017celi uda si\u0119 uruchomi\u0107 uczelnie od 15 kwietnia, a uwzgl\u0119dniaj\u0105c czas na rozruch, czyli realnie 20, 21 kwietnia, to w\u00f3wczas nie widz\u0119 powod\u00f3w do przed\u0142u\u017cenia roku. Przypominam, \u017ce formalnie trwa on do 30 wrze\u015bnia. Licz\u0119 na to, \u017ce ca\u0142y rok uda si\u0119 zamkn\u0105\u0107 w tym okresie \u2013 wyja\u015bnia\u0142 minister Gowin.<\/span><\/p>\n<p style=\"margin: 0cm 0cm 8.0pt 0cm;\"><span style=\"color: black;\">Studenci w pytaniach zwracali tak\u017ce uwag\u0119 na problemy z zaj\u0119ciami zdalnymi i niskie zaanga\u017cowanie w wyk\u0142adowc\u00f3w w tego typu zaj\u0119cia.<\/span><\/p>\n<p style=\"margin: 0cm 0cm 8.0pt 0cm;\"><span style=\"color: black;\">Wyda\u0142em pewne rekomendacje, jak zaj\u0119cia powinny wygl\u0105da\u0107, ale nie mam ani mo\u017cliwo\u015bci, ani instrument\u00f3w do wersyfikacji tych tysi\u0119cy kurs\u00f3w, kt\u00f3re si\u0119 obecnie odbywaj\u0105. To zadanie dla w\u0142adz poszczeg\u00f3lnych uczelni oraz w przysz\u0142o\u015bci \u2013 dla Polskiej Komisji Akredytacyjnej \u2013 stwierdzi\u0142 wicepremier.<\/span><\/p>\n<p style=\"margin: 0cm 0cm 8.0pt 0cm;\"><span style=\"color: black;\">jp<\/span><\/p>\n","protected":false},"excerpt":{"rendered":"<p>Wicepremier, minister nauki i szkolnictwa wy\u017cszego Jaros\u0142aw Gowin odpowiada\u0142 na pytania student\u00f3w zwi\u0105zane z funkcjonowaniem uczelni w czasie i po epidemii koronawirusa. Spotkanie on-line zorganizowa\u0142 Parlament Student\u00f3w RP w ramach akcji \u201eStudent sam w domu\u201d. Czy zawieszenie zaj\u0119\u0107 dydaktycznych o kolejne dwa tygodnie, do Wielkanocy, spowoduje wyd\u0142u\u017cenie semestru \u2013 pytali studenci. Je\u017celi uda si\u0119 uruchomi\u0107 [&hellip;]<\/p>\n","protected":false},"author":6,"featured_media":0,"comment_status":"closed","ping_status":"closed","sticky":false,"template":"","format":"standard","meta":[],"categories":[21],"tags":[],"_links":{"self":[{"href":"https:\/\/www.polishscience.pl\/pl\/wp-json\/wp\/v2\/posts\/121005"}],"collection":[{"href":"https:\/\/www.polishscience.pl\/pl\/wp-json\/wp\/v2\/posts"}],"about":[{"href":"https:\/\/www.polishscience.pl\/pl\/wp-json\/wp\/v2\/types\/post"}],"author":[{"embeddable":true,"href":"https:\/\/www.polishscience.pl\/pl\/wp-json\/wp\/v2\/users\/6"}],"replies":[{"embeddable":true,"href":"https:\/\/www.polishscience.pl\/pl\/wp-json\/wp\/v2\/comments?post=121005"}],"version-history":[{"count":0,"href":"https:\/\/www.polishscience.pl\/pl\/wp-json\/wp\/v2\/posts\/121005\/revisions"}],"wp:attachment":[{"href":"https:\/\/www.polishscience.pl\/pl\/wp-json\/wp\/v2\/media?parent=121005"}],"wp:term":[{"taxonomy":"category","embeddable":true,"href":"https:\/\/www.polishscience.pl\/pl\/wp-json\/wp\/v2\/categories?post=121005"},{"taxonomy":"post_tag","embeddable":true,"href":"https:\/\/www.polishscience.pl\/pl\/wp-json\/wp\/v2\/tags?post=121005"}],"curies":[{"name":"wp","href":"https:\/\/api.w.org\/{rel}","templated":true}]}}