{"id":120819,"date":"2020-03-24T13:00:01","date_gmt":"2020-03-24T12:00:01","guid":{"rendered":"http:\/\/polishscience.pl\/?p=120819"},"modified":"2020-03-24T13:12:55","modified_gmt":"2020-03-24T12:12:55","slug":"wyklady-naukowcow-uniwersytetu-adama-mickiewicza-w-poznaniu-na-zywo-na-facebooku","status":"publish","type":"post","link":"https:\/\/www.polishscience.pl\/pl\/wyklady-naukowcow-uniwersytetu-adama-mickiewicza-w-poznaniu-na-zywo-na-facebooku\/","title":{"rendered":"Wyk\u0142ady naukowc\u00f3w Uniwersytetu Adama Mickiewicza w Poznaniu na \u017cywo na Facebooku"},"content":{"rendered":"<p><strong>Od pi\u0105tku 20 marca na facebookowym profilu Uniwersytetu im. Adama Mickiewicza w Poznaniu ruszy\u0142a akcja \u201eUAM\u00f3wi \u2013 11.00\u201d &#8211; cykl kr\u00f3tkich wyk\u0142ad\u00f3w na \u017cywo prowadzonych przez naukowc\u00f3w pozna\u0144skiej uczelni.\u00a0<\/strong><\/p>\n<p>To propozycja dla wszystkich, kt\u00f3rzy ze wzgl\u0119du na epidemi\u0119 koronawirusa maj\u0105 wolny czas, np. podczas obowi\u0105zkowej kwarantanny, czy te\u017c mog\u0105 zrobi\u0107 sobie chwil\u0119 przerwy podczas pracy w domu. To tak\u017ce propozycja dla student\u00f3w, kt\u00f3rzy w czasie przerwy w zaj\u0119ciach lub e-learningu mog\u0105 pos\u0142ucha\u0107 naukowc\u00f3w na \u017cywo \u2013 czytamy w serwisie Uniwersytetu.<\/p>\n<p>Wyk\u0142ady b\u0119d\u0105 trwa\u0142y oko\u0142o 30 minut. Tematyka b\u0119dzie bardzo r\u00f3\u017cna. Cykl zainaugurowa\u0142 prof. Andrzej W. Nowak, wyk\u0142adem &#8222;Kruchy \u017cywot pa\u0144stwa i nauki&#8221;, kolejne zaplanowano w poniedzia\u0142ek, \u015brod\u0119 i pi\u0105tek.\u00a0 Ka\u017cdy wyk\u0142ad w ci\u0105gu 24 godzin po premierze pojawi si\u0119 &#8211; wraz z napisami &#8211; na oficjalnym kanale Uniwersytetu na YouTube.<\/p>\n<p>Wi\u0119cej: <a href=\"https:\/\/www.facebook.com\/amupoznan\/\">https:\/\/www.facebook.com\/amupoznan\/<\/a><\/p>\n<p>&nbsp;<\/p>\n<p>jsz<\/p>\n","protected":false},"excerpt":{"rendered":"<p>Od pi\u0105tku 20 marca na facebookowym profilu Uniwersytetu im. Adama Mickiewicza w Poznaniu ruszy\u0142a akcja \u201eUAM\u00f3wi \u2013 11.00\u201d &#8211; cykl kr\u00f3tkich wyk\u0142ad\u00f3w na \u017cywo prowadzonych przez naukowc\u00f3w pozna\u0144skiej uczelni.\u00a0 To propozycja dla wszystkich, kt\u00f3rzy ze wzgl\u0119du na epidemi\u0119 koronawirusa maj\u0105 wolny czas, np. podczas obowi\u0105zkowej kwarantanny, czy te\u017c mog\u0105 zrobi\u0107 sobie chwil\u0119 przerwy podczas pracy [&hellip;]<\/p>\n","protected":false},"author":6,"featured_media":0,"comment_status":"closed","ping_status":"closed","sticky":false,"template":"","format":"standard","meta":[],"categories":[21],"tags":[],"_links":{"self":[{"href":"https:\/\/www.polishscience.pl\/pl\/wp-json\/wp\/v2\/posts\/120819"}],"collection":[{"href":"https:\/\/www.polishscience.pl\/pl\/wp-json\/wp\/v2\/posts"}],"about":[{"href":"https:\/\/www.polishscience.pl\/pl\/wp-json\/wp\/v2\/types\/post"}],"author":[{"embeddable":true,"href":"https:\/\/www.polishscience.pl\/pl\/wp-json\/wp\/v2\/users\/6"}],"replies":[{"embeddable":true,"href":"https:\/\/www.polishscience.pl\/pl\/wp-json\/wp\/v2\/comments?post=120819"}],"version-history":[{"count":0,"href":"https:\/\/www.polishscience.pl\/pl\/wp-json\/wp\/v2\/posts\/120819\/revisions"}],"wp:attachment":[{"href":"https:\/\/www.polishscience.pl\/pl\/wp-json\/wp\/v2\/media?parent=120819"}],"wp:term":[{"taxonomy":"category","embeddable":true,"href":"https:\/\/www.polishscience.pl\/pl\/wp-json\/wp\/v2\/categories?post=120819"},{"taxonomy":"post_tag","embeddable":true,"href":"https:\/\/www.polishscience.pl\/pl\/wp-json\/wp\/v2\/tags?post=120819"}],"curies":[{"name":"wp","href":"https:\/\/api.w.org\/{rel}","templated":true}]}}