{"id":120814,"date":"2020-03-24T09:53:33","date_gmt":"2020-03-24T08:53:33","guid":{"rendered":"http:\/\/polishscience.pl\/?p=120814"},"modified":"2020-03-24T09:53:33","modified_gmt":"2020-03-24T08:53:33","slug":"jeden-respirator-obsluzy-dwoch-pacjentow-unikalne-urzadzenie-polskich-naukowcow","status":"publish","type":"post","link":"https:\/\/www.polishscience.pl\/pl\/jeden-respirator-obsluzy-dwoch-pacjentow-unikalne-urzadzenie-polskich-naukowcow\/","title":{"rendered":"Jeden respirator obs\u0142u\u017cy dw\u00f3ch pacjent\u00f3w. Unikalne urz\u0105dzenie polskich naukowc\u00f3w"},"content":{"rendered":"<p style=\"margin: 0cm 0cm 8.0pt 0cm;\"><b><span style=\"color: black;\">Instytut Biocybernetyki i In\u017cynierii Biomedycznej Polskiej Akademii Nauk (PAN) opracowa\u0142 unikalne urz\u0105dzenie, kt\u00f3re pozwala na to, \u017ceby jeden respirator m\u00f3g\u0142 s\u0142u\u017cy\u0107 dw\u00f3m pacjentom \u2013 poinformowa\u0142 wiceminister nauki i szkolnictwa wy\u017cszego Wojciech Maksymowicz.<\/span><\/b><\/p>\n<p style=\"margin: 0cm 0cm 8.0pt 0cm;\"><span style=\"color: black;\">Od wtorku, 24 marca, rozpocznie si\u0119 produkcja urz\u0105dzenia w Instytucie Aparatury i Techniki Medycznej w Zabrzu, nale\u017c\u0105cym do Sieci Badawczej \u0141ukasiewicz.\u00a0<\/span><\/p>\n<p style=\"margin: 0cm 0cm 8.0pt 0cm;\"><span style=\"color: black;\">Do 10 kwietnia powinno by\u0107 wyprodukowanych 100 takich urz\u0105dze\u0144, b\u0119d\u0105 mog\u0142y by\u0107 one stosowane wed\u0142ug programu badawczego kierowanego przez naukowc\u00f3w z Gda\u0144skiego Uniwersytetu Medycznego, Uniwersytetu Medycznego w Lublinie i Collegium Medicum Uniwersytetu Warmi\u0144sko-Mazurskiego w Olsztynie \u2013 doda\u0142 Maksymowicz.<\/span><\/p>\n<p style=\"margin: 0cm 0cm 8.0pt 0cm;\"><span style=\"color: black;\">Projekt urz\u0105dzenia, kt\u00f3re pozwala na to, by jeden respirator m\u00f3g\u0142 s\u0142u\u017cy\u0107 dwom pacjentom, zosta\u0142\u00a0dofinansowany przez resort nauki kwot\u0105 5 mln z\u0142<\/span><\/p>\n<p style=\"margin: 0cm 0cm 8.0pt 0cm;\"><span style=\"color: black;\">jp<\/span><\/p>\n","protected":false},"excerpt":{"rendered":"<p>Instytut Biocybernetyki i In\u017cynierii Biomedycznej Polskiej Akademii Nauk (PAN) opracowa\u0142 unikalne urz\u0105dzenie, kt\u00f3re pozwala na to, \u017ceby jeden respirator m\u00f3g\u0142 s\u0142u\u017cy\u0107 dw\u00f3m pacjentom \u2013 poinformowa\u0142 wiceminister nauki i szkolnictwa wy\u017cszego Wojciech Maksymowicz. Od wtorku, 24 marca, rozpocznie si\u0119 produkcja urz\u0105dzenia w Instytucie Aparatury i Techniki Medycznej w Zabrzu, nale\u017c\u0105cym do Sieci Badawczej \u0141ukasiewicz.\u00a0 Do 10 [&hellip;]<\/p>\n","protected":false},"author":6,"featured_media":0,"comment_status":"closed","ping_status":"closed","sticky":false,"template":"","format":"standard","meta":[],"categories":[17,18],"tags":[],"_links":{"self":[{"href":"https:\/\/www.polishscience.pl\/pl\/wp-json\/wp\/v2\/posts\/120814"}],"collection":[{"href":"https:\/\/www.polishscience.pl\/pl\/wp-json\/wp\/v2\/posts"}],"about":[{"href":"https:\/\/www.polishscience.pl\/pl\/wp-json\/wp\/v2\/types\/post"}],"author":[{"embeddable":true,"href":"https:\/\/www.polishscience.pl\/pl\/wp-json\/wp\/v2\/users\/6"}],"replies":[{"embeddable":true,"href":"https:\/\/www.polishscience.pl\/pl\/wp-json\/wp\/v2\/comments?post=120814"}],"version-history":[{"count":0,"href":"https:\/\/www.polishscience.pl\/pl\/wp-json\/wp\/v2\/posts\/120814\/revisions"}],"wp:attachment":[{"href":"https:\/\/www.polishscience.pl\/pl\/wp-json\/wp\/v2\/media?parent=120814"}],"wp:term":[{"taxonomy":"category","embeddable":true,"href":"https:\/\/www.polishscience.pl\/pl\/wp-json\/wp\/v2\/categories?post=120814"},{"taxonomy":"post_tag","embeddable":true,"href":"https:\/\/www.polishscience.pl\/pl\/wp-json\/wp\/v2\/tags?post=120814"}],"curies":[{"name":"wp","href":"https:\/\/api.w.org\/{rel}","templated":true}]}}