{"id":120102,"date":"2020-03-18T10:25:42","date_gmt":"2020-03-18T09:25:42","guid":{"rendered":"http:\/\/polishscience.pl\/?p=120102"},"modified":"2020-03-18T13:04:29","modified_gmt":"2020-03-18T12:04:29","slug":"agencja-badan-medycznych-wlacza-sie-w-opracowanie-szczepionki-na-koronawirusa","status":"publish","type":"post","link":"https:\/\/www.polishscience.pl\/pl\/agencja-badan-medycznych-wlacza-sie-w-opracowanie-szczepionki-na-koronawirusa\/","title":{"rendered":"Agencja Bada\u0144 Medycznych w\u0142\u0105cza si\u0119 w opracowanie szczepionki na koronawirusa"},"content":{"rendered":"<p style=\"margin: 0cm 0cm 8.0pt 0cm;\"><b><span style=\"color: black;\">Agencja Bada\u0144 Medycznych (ABM) przygotowa\u0142a projekt dotycz\u0105cy opracowania szczepionki na koronawirusa SARS-CoV-2. Jego celem jest w\u0142\u0105czenie polskich o\u015brodk\u00f3w naukowych do og\u00f3lno\u015bwiatowych bada\u0144\u00a0w tej dziedzinie.<\/span><\/b><\/p>\n<p style=\"margin: 0cm 0cm 8.0pt 0cm;\"><span style=\"color: black;\">Wobec zagro\u017cenia epidemiologicznego Agencja Bada\u0144 Medycznych musi szybko zareagowa\u0107 tworz\u0105c dedykowany program, kt\u00f3ry zainicjuje udzia\u0142 polskich naukowc\u00f3w w projektach mi\u0119dzynarodowych w zakresie bada\u0144 nad szczepionk\u0105 przeciw CoV-2 \u2013 powiedzia\u0142 Rados\u0142aw Sierpi\u0144ski, prezes ABM.\u00a0<\/span><\/p>\n<p style=\"margin: 0cm 0cm 8.0pt 0cm;\"><span style=\"color: black;\">Jak informuje Rynek Zdrowia, przedstawiciele Agencji prowadz\u0105 rozmowy z National Institutes of Health (NIH) i dr. Anthonym S. Fauci\u2019m \u2013 dyrektorem Instytutu Chor\u00f3b Zaka\u017anych w Waszyngtonie oraz z agendami Komisji Europejskiej i uniwersytetami medycznymi w Europie, a tak\u017ce z ambasad\u0105 Chin.<\/span><\/p>\n<p style=\"margin: 0cm 0cm 8.0pt 0cm;\"><span style=\"color: black;\">jp<\/span><\/p>\n","protected":false},"excerpt":{"rendered":"<p>Agencja Bada\u0144 Medycznych (ABM) przygotowa\u0142a projekt dotycz\u0105cy opracowania szczepionki na koronawirusa SARS-CoV-2. Jego celem jest w\u0142\u0105czenie polskich o\u015brodk\u00f3w naukowych do og\u00f3lno\u015bwiatowych bada\u0144\u00a0w tej dziedzinie. Wobec zagro\u017cenia epidemiologicznego Agencja Bada\u0144 Medycznych musi szybko zareagowa\u0107 tworz\u0105c dedykowany program, kt\u00f3ry zainicjuje udzia\u0142 polskich naukowc\u00f3w w projektach mi\u0119dzynarodowych w zakresie bada\u0144 nad szczepionk\u0105 przeciw CoV-2 \u2013 powiedzia\u0142 Rados\u0142aw Sierpi\u0144ski, [&hellip;]<\/p>\n","protected":false},"author":6,"featured_media":0,"comment_status":"closed","ping_status":"closed","sticky":false,"template":"","format":"standard","meta":[],"categories":[18],"tags":[],"_links":{"self":[{"href":"https:\/\/www.polishscience.pl\/pl\/wp-json\/wp\/v2\/posts\/120102"}],"collection":[{"href":"https:\/\/www.polishscience.pl\/pl\/wp-json\/wp\/v2\/posts"}],"about":[{"href":"https:\/\/www.polishscience.pl\/pl\/wp-json\/wp\/v2\/types\/post"}],"author":[{"embeddable":true,"href":"https:\/\/www.polishscience.pl\/pl\/wp-json\/wp\/v2\/users\/6"}],"replies":[{"embeddable":true,"href":"https:\/\/www.polishscience.pl\/pl\/wp-json\/wp\/v2\/comments?post=120102"}],"version-history":[{"count":0,"href":"https:\/\/www.polishscience.pl\/pl\/wp-json\/wp\/v2\/posts\/120102\/revisions"}],"wp:attachment":[{"href":"https:\/\/www.polishscience.pl\/pl\/wp-json\/wp\/v2\/media?parent=120102"}],"wp:term":[{"taxonomy":"category","embeddable":true,"href":"https:\/\/www.polishscience.pl\/pl\/wp-json\/wp\/v2\/categories?post=120102"},{"taxonomy":"post_tag","embeddable":true,"href":"https:\/\/www.polishscience.pl\/pl\/wp-json\/wp\/v2\/tags?post=120102"}],"curies":[{"name":"wp","href":"https:\/\/api.w.org\/{rel}","templated":true}]}}