{"id":119547,"date":"2020-03-13T09:54:56","date_gmt":"2020-03-13T08:54:56","guid":{"rendered":"http:\/\/polishscience.pl\/?p=119547"},"modified":"2020-03-21T12:49:12","modified_gmt":"2020-03-21T11:49:12","slug":"zawieszenie-dzialalnosci-dydaktycznej-szkol-wyzszych-do-25-marca-2020-roku","status":"publish","type":"post","link":"https:\/\/www.polishscience.pl\/pl\/zawieszenie-dzialalnosci-dydaktycznej-szkol-wyzszych-do-25-marca-2020-roku\/","title":{"rendered":"Zawieszenie dzia\u0142alno\u015bci dydaktycznej szk\u00f3\u0142 wy\u017cszych do 25 marca 2020 roku"},"content":{"rendered":"<p style=\"margin: 0cm 0cm 8.0pt 0cm;\"><b><span style=\"color: black;\">W zwi\u0105zku ze wzrostem ryzyka zaka\u017cenia wirusem SARS-CoV-2 oraz kolejnymi przypadkami zachorowa\u0144 na COVID-19 w Polsce wiceprezes Rady Ministr\u00f3w, minister nauki i szkolnictwa wy\u017cszego Jaros\u0142aw Gowin &#8211; po rekomendacji Rz\u0105dowego Zespo\u0142u Zarz\u0105dzania Kryzysowego &#8211; zdecydowa\u0142 o wprowadzeniu dzia\u0142a\u0144 profilaktycznych, zapobiegaj\u0105cych rozprzestrzenianiu si\u0119 tego wirusa, a przez to zmniejszaj\u0105cych ryzyko epidemii.<\/span><\/b><\/p>\n<p style=\"margin: 0cm 0cm 8.0pt 0cm;\"><span style=\"color: black;\">Minister zawiesza na obszarze ca\u0142ego kraju dzia\u0142alno\u015b\u0107 dydaktyczn\u0105 prowadzon\u0105 przez uczelnie nadzorowane przez Ministra Nauki i Szkolnictwa Wy\u017cszego. Dotyczy to kszta\u0142cenia na studiach I stopnia, II stopnia, jednolitych magisterskich, doktoranckich, a tak\u017ce szk\u00f3\u0142 doktorskich oraz zaj\u0119\u0107 na kursach i szkoleniach organizowanych w ramach uczelni, studiach podyplomowych lub w innych formach.<\/span><\/p>\n<p style=\"margin: 0cm 0cm 8.0pt 0cm;\"><span style=\"color: black;\">Zawieszenie dzia\u0142alno\u015bci dydaktycznej obowi\u0105zuje od 12 do 25 marca 2020 roku.<\/span><\/p>\n<p style=\"margin: 0cm 0cm 8.0pt 0cm;\"><span style=\"color: black;\">Rozporz\u0105dzenie nie ogranicza mo\u017cliwo\u015bci prowadzenia dzia\u0142alno\u015bci naukowej.<\/span><\/p>\n<p style=\"margin: 0cm 0cm 8.0pt 0cm;\"><span style=\"color: black;\">jp<\/span><\/p>\n","protected":false},"excerpt":{"rendered":"<p>W zwi\u0105zku ze wzrostem ryzyka zaka\u017cenia wirusem SARS-CoV-2 oraz kolejnymi przypadkami zachorowa\u0144 na COVID-19 w Polsce wiceprezes Rady Ministr\u00f3w, minister nauki i szkolnictwa wy\u017cszego Jaros\u0142aw Gowin &#8211; po rekomendacji Rz\u0105dowego Zespo\u0142u Zarz\u0105dzania Kryzysowego &#8211; zdecydowa\u0142 o wprowadzeniu dzia\u0142a\u0144 profilaktycznych, zapobiegaj\u0105cych rozprzestrzenianiu si\u0119 tego wirusa, a przez to zmniejszaj\u0105cych ryzyko epidemii. Minister zawiesza na obszarze ca\u0142ego [&hellip;]<\/p>\n","protected":false},"author":6,"featured_media":0,"comment_status":"closed","ping_status":"closed","sticky":false,"template":"","format":"standard","meta":[],"categories":[21],"tags":[],"_links":{"self":[{"href":"https:\/\/www.polishscience.pl\/pl\/wp-json\/wp\/v2\/posts\/119547"}],"collection":[{"href":"https:\/\/www.polishscience.pl\/pl\/wp-json\/wp\/v2\/posts"}],"about":[{"href":"https:\/\/www.polishscience.pl\/pl\/wp-json\/wp\/v2\/types\/post"}],"author":[{"embeddable":true,"href":"https:\/\/www.polishscience.pl\/pl\/wp-json\/wp\/v2\/users\/6"}],"replies":[{"embeddable":true,"href":"https:\/\/www.polishscience.pl\/pl\/wp-json\/wp\/v2\/comments?post=119547"}],"version-history":[{"count":0,"href":"https:\/\/www.polishscience.pl\/pl\/wp-json\/wp\/v2\/posts\/119547\/revisions"}],"wp:attachment":[{"href":"https:\/\/www.polishscience.pl\/pl\/wp-json\/wp\/v2\/media?parent=119547"}],"wp:term":[{"taxonomy":"category","embeddable":true,"href":"https:\/\/www.polishscience.pl\/pl\/wp-json\/wp\/v2\/categories?post=119547"},{"taxonomy":"post_tag","embeddable":true,"href":"https:\/\/www.polishscience.pl\/pl\/wp-json\/wp\/v2\/tags?post=119547"}],"curies":[{"name":"wp","href":"https:\/\/api.w.org\/{rel}","templated":true}]}}