{"id":118865,"date":"2020-03-10T14:12:30","date_gmt":"2020-03-10T13:12:30","guid":{"rendered":"http:\/\/polishscience.pl\/?p=118865"},"modified":"2020-03-13T17:35:43","modified_gmt":"2020-03-13T16:35:43","slug":"tedxuwr-shape-of-changes-w-marcu-na-uniwersytecie-wroclawskim","status":"publish","type":"post","link":"https:\/\/www.polishscience.pl\/pl\/tedxuwr-shape-of-changes-w-marcu-na-uniwersytecie-wroclawskim\/","title":{"rendered":"TEDxUWr \u201eShape of Changes\u201d w marcu na Uniwersytecie Wroc\u0142awskim"},"content":{"rendered":"<p style=\"margin: 0cm 0cm 8.0pt 0cm;\"><b><span style=\"color: black;\">Uniwersytet Wroc\u0142awski zaprasza 27 marca na drug\u0105 edycj\u0119 konferencji TEDxUWr \u201eShape of Changes\u201d. Podczas wydarzenia 11 prelegent\u00f3w podzieli si\u0119 swoj\u0105 perspektyw\u0105 na przemiany spo\u0142eczne, komunikacyjne, ekologiczne, ekonomiczne i technologiczne \u2013 zapowiadaj\u0105 organizatorzy.<\/span><\/b><\/p>\n<p style=\"margin: 0cm 0cm 8.0pt 0cm;\"><span style=\"color: black;\">TEDxUWr po\u0142\u0105czy specjalist\u00f3w marketingu, finans\u00f3w, biznesu, psychologii, dziennikarstwa oraz IT. W\u015br\u00f3d prelegent\u00f3w znajd\u0105 si\u0119 wyk\u0142adowcy polskich uczelni. W swoich wyst\u0105pieniach opowiedz\u0105 nie tylko o ideach, ale i realnych dzia\u0142aniach, kt\u00f3re ka\u017cdego dnia hamuj\u0105 b\u0105d\u017a przyspieszaj\u0105 zmiany rzeczywisto\u015bci.<\/span><\/p>\n<p style=\"margin: 0cm 0cm 8.0pt 0cm;\"><span style=\"color: black;\">Uczestnicy konferencji dowiedz\u0105 si\u0119 m.in. czy mamy prawo nazywa\u0107 siebie homo sapiens, czy naprawd\u0119 o czymkolwiek decydujemy samodzielnie, a tak\u017ce kiedy b\u0119dzie mo\u017cna jednym klikni\u0119ciem wzi\u0105\u0107 po\u017cyczk\u0119 w Azji albo za\u0142o\u017cy\u0107 lokat\u0119 w Australii.\u00a0<\/span><\/p>\n<p style=\"margin: 0cm 0cm 8.0pt 0cm;\"><span style=\"color: black;\">TEDxUWr \u201eShape of changes\u201d organizowane jest na licencji TED \u2013 jednej z najbardziej presti\u017cowych konferencji naukowych na \u015bwiecie, kt\u00f3rej mottem s\u0105 \u201eidee warte rozpowszechniania\u201d.<\/span><\/p>\n<p style=\"margin: 0cm 0cm 8.0pt 0cm;\"><span style=\"color: black;\">Wi\u0119cej: <\/span><a href=\"https:\/\/uni.wroc.pl\/ii-edycja-tedxuwr-shape-of-changes\/\"><span style=\"color: #0563c1;\">https:\/\/uni.wroc.pl\/ii-edycja-tedxuwr-shape-of-changes\/<\/span><\/a><\/p>\n<p style=\"margin: 0cm 0cm 8.0pt 0cm;\"><span style=\"color: black;\">\u00a0<\/span><\/p>\n<p style=\"margin: 0cm 0cm 8.0pt 0cm;\"><span style=\"color: black;\">jsz<\/span><\/p>\n","protected":false},"excerpt":{"rendered":"<p>Uniwersytet Wroc\u0142awski zaprasza 27 marca na drug\u0105 edycj\u0119 konferencji TEDxUWr \u201eShape of Changes\u201d. Podczas wydarzenia 11 prelegent\u00f3w podzieli si\u0119 swoj\u0105 perspektyw\u0105 na przemiany spo\u0142eczne, komunikacyjne, ekologiczne, ekonomiczne i technologiczne \u2013 zapowiadaj\u0105 organizatorzy. TEDxUWr po\u0142\u0105czy specjalist\u00f3w marketingu, finans\u00f3w, biznesu, psychologii, dziennikarstwa oraz IT. W\u015br\u00f3d prelegent\u00f3w znajd\u0105 si\u0119 wyk\u0142adowcy polskich uczelni. W swoich wyst\u0105pieniach opowiedz\u0105 nie tylko [&hellip;]<\/p>\n","protected":false},"author":6,"featured_media":0,"comment_status":"closed","ping_status":"closed","sticky":false,"template":"","format":"standard","meta":[],"categories":[19,22],"tags":[],"_links":{"self":[{"href":"https:\/\/www.polishscience.pl\/pl\/wp-json\/wp\/v2\/posts\/118865"}],"collection":[{"href":"https:\/\/www.polishscience.pl\/pl\/wp-json\/wp\/v2\/posts"}],"about":[{"href":"https:\/\/www.polishscience.pl\/pl\/wp-json\/wp\/v2\/types\/post"}],"author":[{"embeddable":true,"href":"https:\/\/www.polishscience.pl\/pl\/wp-json\/wp\/v2\/users\/6"}],"replies":[{"embeddable":true,"href":"https:\/\/www.polishscience.pl\/pl\/wp-json\/wp\/v2\/comments?post=118865"}],"version-history":[{"count":0,"href":"https:\/\/www.polishscience.pl\/pl\/wp-json\/wp\/v2\/posts\/118865\/revisions"}],"wp:attachment":[{"href":"https:\/\/www.polishscience.pl\/pl\/wp-json\/wp\/v2\/media?parent=118865"}],"wp:term":[{"taxonomy":"category","embeddable":true,"href":"https:\/\/www.polishscience.pl\/pl\/wp-json\/wp\/v2\/categories?post=118865"},{"taxonomy":"post_tag","embeddable":true,"href":"https:\/\/www.polishscience.pl\/pl\/wp-json\/wp\/v2\/tags?post=118865"}],"curies":[{"name":"wp","href":"https:\/\/api.w.org\/{rel}","templated":true}]}}