{"id":118139,"date":"2020-03-05T10:26:58","date_gmt":"2020-03-05T09:26:58","guid":{"rendered":"http:\/\/polishscience.pl\/?p=118139"},"modified":"2020-03-05T10:26:58","modified_gmt":"2020-03-05T09:26:58","slug":"uruchomiono-muzeum-cyfrowe-uniwersytetu-kardynala-stefana-wyszynskiego","status":"publish","type":"post","link":"https:\/\/www.polishscience.pl\/pl\/uruchomiono-muzeum-cyfrowe-uniwersytetu-kardynala-stefana-wyszynskiego\/","title":{"rendered":"Uruchomiono Muzeum Cyfrowe Uniwersytetu Kardyna\u0142a Stefana Wyszy\u0144skiego"},"content":{"rendered":"<p><strong>Uniwersytet Kardyna\u0142a Stefana Wyszy\u0144skiego (UKSW) w Warszawie uruchomi\u0142 Muzeum Cyfrowe UKSW. Jest to zbi\u00f3r materia\u0142\u00f3w graficznych, tekstowych oraz audio po\u015bwi\u0119conych historii uczelni, dziejom wsp\u00f3\u0142czesnym oraz wa\u017cnym osobisto\u015bciom zwi\u0105zanym z Akademi\u0105 Teologii Katolickiej (poprzedniczk\u0105 UKSW) i Uniwersytetem Kardyna\u0142a Stefana Wyszy\u0144skiego.\u00a0<\/strong><\/p>\n<p>Kluczow\u0105 postaci\u0105 muzeum jest patron uczelni\u2013 Kardyna\u0142 Stefan Wyszy\u0144ski. W Muzeum Cyfrowym UKSW znajduj\u0105 si\u0119 teksty oraz zdj\u0119cia przedstawiaj\u0105ce najwa\u017cniejsze wydarzenia z historii ATK\/UKSW, poczet rektor\u00f3w oraz doktor\u00f3w honorowych.<\/p>\n<p>UKSW zach\u0119ca do odwiedzania i wsp\u00f3\u0142tworzenia Muzeum Cyfrowego. Je\u015bli rozpoznajecie Pa\u0144stwo osoby na zdj\u0119ciach lub chcieliby\u015bcie podzieli\u0107 si\u0119 prywatnymi zdj\u0119ciami z \u017cycia ATK\/UKSW, prosimy o kontakt na adres\u00a0<a href=\"mailto:promocja@uksw.edu.pl\">promocja@uksw.edu.pl <\/a>&#8211;\u00a0 apeluje uczelnia.<\/p>\n<p>Zasoby Muzeum Cyfrowego UKSW mo\u017cna ogl\u0105da\u0107 pod adresem:<br \/>\n<a href=\"https:\/\/muzeumuksw.edu.pl\/\">https:\/\/muzeumuksw.edu.pl\/<\/a><\/p>\n<p>jp<\/p>\n","protected":false},"excerpt":{"rendered":"<p>Uniwersytet Kardyna\u0142a Stefana Wyszy\u0144skiego (UKSW) w Warszawie uruchomi\u0142 Muzeum Cyfrowe UKSW. Jest to zbi\u00f3r materia\u0142\u00f3w graficznych, tekstowych oraz audio po\u015bwi\u0119conych historii uczelni, dziejom wsp\u00f3\u0142czesnym oraz wa\u017cnym osobisto\u015bciom zwi\u0105zanym z Akademi\u0105 Teologii Katolickiej (poprzedniczk\u0105 UKSW) i Uniwersytetem Kardyna\u0142a Stefana Wyszy\u0144skiego.\u00a0 Kluczow\u0105 postaci\u0105 muzeum jest patron uczelni\u2013 Kardyna\u0142 Stefan Wyszy\u0144ski. W Muzeum Cyfrowym UKSW znajduj\u0105 si\u0119 teksty [&hellip;]<\/p>\n","protected":false},"author":6,"featured_media":0,"comment_status":"closed","ping_status":"closed","sticky":false,"template":"","format":"standard","meta":[],"categories":[21],"tags":[],"_links":{"self":[{"href":"https:\/\/www.polishscience.pl\/pl\/wp-json\/wp\/v2\/posts\/118139"}],"collection":[{"href":"https:\/\/www.polishscience.pl\/pl\/wp-json\/wp\/v2\/posts"}],"about":[{"href":"https:\/\/www.polishscience.pl\/pl\/wp-json\/wp\/v2\/types\/post"}],"author":[{"embeddable":true,"href":"https:\/\/www.polishscience.pl\/pl\/wp-json\/wp\/v2\/users\/6"}],"replies":[{"embeddable":true,"href":"https:\/\/www.polishscience.pl\/pl\/wp-json\/wp\/v2\/comments?post=118139"}],"version-history":[{"count":0,"href":"https:\/\/www.polishscience.pl\/pl\/wp-json\/wp\/v2\/posts\/118139\/revisions"}],"wp:attachment":[{"href":"https:\/\/www.polishscience.pl\/pl\/wp-json\/wp\/v2\/media?parent=118139"}],"wp:term":[{"taxonomy":"category","embeddable":true,"href":"https:\/\/www.polishscience.pl\/pl\/wp-json\/wp\/v2\/categories?post=118139"},{"taxonomy":"post_tag","embeddable":true,"href":"https:\/\/www.polishscience.pl\/pl\/wp-json\/wp\/v2\/tags?post=118139"}],"curies":[{"name":"wp","href":"https:\/\/api.w.org\/{rel}","templated":true}]}}