{"id":118137,"date":"2020-03-05T10:26:21","date_gmt":"2020-03-05T09:26:21","guid":{"rendered":"http:\/\/polishscience.pl\/?p=118137"},"modified":"2020-03-05T10:26:21","modified_gmt":"2020-03-05T09:26:21","slug":"konferencja-o-przeciwdzialaniu-molestowaniu-seksualnemu-w-srodowisku-akademickim","status":"publish","type":"post","link":"https:\/\/www.polishscience.pl\/pl\/konferencja-o-przeciwdzialaniu-molestowaniu-seksualnemu-w-srodowisku-akademickim\/","title":{"rendered":"Konferencja o przeciwdzia\u0142aniu molestowaniu seksualnemu w \u015brodowisku akademickim"},"content":{"rendered":"<p><strong>Uniwersytet Warszawski (UW) i Rzecznik Praw Obywatelskich wsp\u00f3lnie organizuj\u0105 konferencj\u0119 pt. \u201ePrzeciwdzia\u0142anie molestowaniu seksualnemu w \u015brodowisku akademickim \u2013 w kierunku standard\u00f3w i procedur\u201d.<\/strong><\/p>\n<p>Wezm\u0105 w niej udzia\u0142 m.in. specjali\u015bci zajmuj\u0105cy si\u0119 politykami r\u00f3wno\u015bciowymi na uczelniach. Wydarzenie odb\u0119dzie si\u0119 16 marca w dawnej Bibliotece Uniwersyteckiej na kampusie przy Krakowskim Przedmie\u015bciu w Warszawie.<\/p>\n<p>Ide\u0105 konferencji jest po\u0142\u0105czenie debaty \u015brodowiska akademickiego i prezentacji wynik\u00f3w bada\u0144 z praktycznymi warsztatami na temat wypracowania procedur dzia\u0142ania w przypadku zg\u0142oszenia o molestowaniu seksualnym, mo\u017cliwych do zastosowania na ka\u017cdym szczeblu zarz\u0105dzania.<\/p>\n<p>jp<\/p>\n","protected":false},"excerpt":{"rendered":"<p>Uniwersytet Warszawski (UW) i Rzecznik Praw Obywatelskich wsp\u00f3lnie organizuj\u0105 konferencj\u0119 pt. \u201ePrzeciwdzia\u0142anie molestowaniu seksualnemu w \u015brodowisku akademickim \u2013 w kierunku standard\u00f3w i procedur\u201d. Wezm\u0105 w niej udzia\u0142 m.in. specjali\u015bci zajmuj\u0105cy si\u0119 politykami r\u00f3wno\u015bciowymi na uczelniach. Wydarzenie odb\u0119dzie si\u0119 16 marca w dawnej Bibliotece Uniwersyteckiej na kampusie przy Krakowskim Przedmie\u015bciu w Warszawie. Ide\u0105 konferencji jest po\u0142\u0105czenie [&hellip;]<\/p>\n","protected":false},"author":6,"featured_media":0,"comment_status":"closed","ping_status":"closed","sticky":false,"template":"","format":"standard","meta":[],"categories":[21,22],"tags":[],"_links":{"self":[{"href":"https:\/\/www.polishscience.pl\/pl\/wp-json\/wp\/v2\/posts\/118137"}],"collection":[{"href":"https:\/\/www.polishscience.pl\/pl\/wp-json\/wp\/v2\/posts"}],"about":[{"href":"https:\/\/www.polishscience.pl\/pl\/wp-json\/wp\/v2\/types\/post"}],"author":[{"embeddable":true,"href":"https:\/\/www.polishscience.pl\/pl\/wp-json\/wp\/v2\/users\/6"}],"replies":[{"embeddable":true,"href":"https:\/\/www.polishscience.pl\/pl\/wp-json\/wp\/v2\/comments?post=118137"}],"version-history":[{"count":0,"href":"https:\/\/www.polishscience.pl\/pl\/wp-json\/wp\/v2\/posts\/118137\/revisions"}],"wp:attachment":[{"href":"https:\/\/www.polishscience.pl\/pl\/wp-json\/wp\/v2\/media?parent=118137"}],"wp:term":[{"taxonomy":"category","embeddable":true,"href":"https:\/\/www.polishscience.pl\/pl\/wp-json\/wp\/v2\/categories?post=118137"},{"taxonomy":"post_tag","embeddable":true,"href":"https:\/\/www.polishscience.pl\/pl\/wp-json\/wp\/v2\/tags?post=118137"}],"curies":[{"name":"wp","href":"https:\/\/api.w.org\/{rel}","templated":true}]}}