{"id":118136,"date":"2020-03-05T10:26:04","date_gmt":"2020-03-05T09:26:04","guid":{"rendered":"http:\/\/polishscience.pl\/?p=118136"},"modified":"2020-03-05T10:26:04","modified_gmt":"2020-03-05T09:26:04","slug":"miedzynarodowy-salon-edukacyjny-perspektywy-2020","status":"publish","type":"post","link":"https:\/\/www.polishscience.pl\/pl\/miedzynarodowy-salon-edukacyjny-perspektywy-2020\/","title":{"rendered":"Mi\u0119dzynarodowy Salon Edukacyjny Perspektywy 2020"},"content":{"rendered":"<p><strong>Warszawski Salon Lice\u00f3w, targi uczelni z kraju i zagranicy, wyk\u0142ady ekspert\u00f3w, warsztaty, spotkania z doradcami zawodowymi \u2013 tak b\u0119dzie wygl\u0105da\u0142 program XXXIII Mi\u0119dzynarodowego Salonu Edukacyjnego Perspektywy 2020, kt\u00f3ry odb\u0119dzie si\u0119 w dniach 6-7 marca w Pa\u0142acu Kultury i Nauki w Warszawie.<\/strong><\/p>\n<p>Marzec to doskona\u0142a pora na ostatnie powt\u00f3rki przed egzaminem \u00f3smoklasisty i matur\u0105, a tak\u017ce idealny czas na wyb\u00f3r szko\u0142y \u015bredniej lub studi\u00f3w. Podczas Mi\u0119dzynarodowego Salonu Edukacyjnego mo\u017cna po\u0142\u0105czy\u0107 te zadania, a dodatkowo uzyska\u0107 fachowe porady ekspert\u00f3w i doradc\u00f3w \u2013 informuj\u0105 organizatorzy.<\/p>\n<p>Nad wydarzeniem, kt\u00f3re w ubieg\u0142ym roku zgromadzi\u0142o ponad 30.000 odwiedzaj\u0105cych, patronat obj\u0119li: Jaros\u0142aw Gowin, wicepremier, minister nauki i szkolnictwa wy\u017cszego, Dariusz Piontkowski, minister edukacji narodowej, Rafa\u0142 Trzaskowski, prezydent Warszawy oraz prof. dr hab. in\u017c. Jan Szmidt, przewodnicz\u0105cy Konferencji Rektor\u00f3w Akademickich Szk\u00f3\u0142 Polskich.<\/p>\n<p>jp<\/p>\n","protected":false},"excerpt":{"rendered":"<p>Warszawski Salon Lice\u00f3w, targi uczelni z kraju i zagranicy, wyk\u0142ady ekspert\u00f3w, warsztaty, spotkania z doradcami zawodowymi \u2013 tak b\u0119dzie wygl\u0105da\u0142 program XXXIII Mi\u0119dzynarodowego Salonu Edukacyjnego Perspektywy 2020, kt\u00f3ry odb\u0119dzie si\u0119 w dniach 6-7 marca w Pa\u0142acu Kultury i Nauki w Warszawie. Marzec to doskona\u0142a pora na ostatnie powt\u00f3rki przed egzaminem \u00f3smoklasisty i matur\u0105, a tak\u017ce [&hellip;]<\/p>\n","protected":false},"author":6,"featured_media":0,"comment_status":"closed","ping_status":"closed","sticky":false,"template":"","format":"standard","meta":[],"categories":[22],"tags":[],"_links":{"self":[{"href":"https:\/\/www.polishscience.pl\/pl\/wp-json\/wp\/v2\/posts\/118136"}],"collection":[{"href":"https:\/\/www.polishscience.pl\/pl\/wp-json\/wp\/v2\/posts"}],"about":[{"href":"https:\/\/www.polishscience.pl\/pl\/wp-json\/wp\/v2\/types\/post"}],"author":[{"embeddable":true,"href":"https:\/\/www.polishscience.pl\/pl\/wp-json\/wp\/v2\/users\/6"}],"replies":[{"embeddable":true,"href":"https:\/\/www.polishscience.pl\/pl\/wp-json\/wp\/v2\/comments?post=118136"}],"version-history":[{"count":0,"href":"https:\/\/www.polishscience.pl\/pl\/wp-json\/wp\/v2\/posts\/118136\/revisions"}],"wp:attachment":[{"href":"https:\/\/www.polishscience.pl\/pl\/wp-json\/wp\/v2\/media?parent=118136"}],"wp:term":[{"taxonomy":"category","embeddable":true,"href":"https:\/\/www.polishscience.pl\/pl\/wp-json\/wp\/v2\/categories?post=118136"},{"taxonomy":"post_tag","embeddable":true,"href":"https:\/\/www.polishscience.pl\/pl\/wp-json\/wp\/v2\/tags?post=118136"}],"curies":[{"name":"wp","href":"https:\/\/api.w.org\/{rel}","templated":true}]}}