{"id":117685,"date":"2020-03-03T10:12:34","date_gmt":"2020-03-03T09:12:34","guid":{"rendered":"http:\/\/polishscience.pl\/?p=117685"},"modified":"2020-03-03T10:12:34","modified_gmt":"2020-03-03T09:12:34","slug":"konferencja-polskiej-akademii-nauk-woda-a-zmiany-klimatu","status":"publish","type":"post","link":"https:\/\/www.polishscience.pl\/pl\/konferencja-polskiej-akademii-nauk-woda-a-zmiany-klimatu\/","title":{"rendered":"Konferencja Polskiej Akademii Nauk \u201eWoda a zmiany klimatu\u201d"},"content":{"rendered":"<p><strong>Polska Akademia Nauk (PAN) organizuje w dniu 23 marca 2020 roku konferencj\u0119 \u201eWoda a zmiany klimatu\u201d z okazji \u015awiatowego Dnia Wody, kt\u00f3ra odb\u0119dzie si\u0119 w Warszawie.<\/strong><\/p>\n<p>Uczestnicy wydarzenia zastanowi\u0105 si\u0119, jak globalne ocieplenie wp\u0142ywa na zasoby wody w Polsce. Dyskusj\u0119 poprowadz\u0105 wiceprezes PAN prof. Pawe\u0142 Rowi\u0144ski i prof. Tomasz Okruszko, przewodnicz\u0105cy Komitetu Gospodarki Wodnej PAN. Naszym go\u015bciem b\u0119dzie minister klimatu dr Micha\u0142 Kurtyka.<\/p>\n<p>Podczas spotkania organizatorzy zaplanowali kilka wyk\u0142ad\u00f3w. O mo\u017cliwych scenariuszach odno\u015bnie warunk\u00f3w termicznych i opadowych w Polsce do 2100 r. opowie dr hab. in\u017c. Joanna Stru\u017cewska z Instytutu Ochrony \u015arodowiska. Temat adaptacji miast do zmian klimatu przybli\u017cy dr hab. Iwona Wagner (Uniwersytet \u0141\u00f3dzki). Wa\u017cn\u0105 rol\u0119 ocean\u00f3w wyt\u0142umaczy za\u015b prof. Jan Marcin W\u0119s\u0142awski (Instytut Oceanologii PAN).<\/p>\n<p>jp<\/p>\n","protected":false},"excerpt":{"rendered":"<p>Polska Akademia Nauk (PAN) organizuje w dniu 23 marca 2020 roku konferencj\u0119 \u201eWoda a zmiany klimatu\u201d z okazji \u015awiatowego Dnia Wody, kt\u00f3ra odb\u0119dzie si\u0119 w Warszawie. Uczestnicy wydarzenia zastanowi\u0105 si\u0119, jak globalne ocieplenie wp\u0142ywa na zasoby wody w Polsce. Dyskusj\u0119 poprowadz\u0105 wiceprezes PAN prof. Pawe\u0142 Rowi\u0144ski i prof. Tomasz Okruszko, przewodnicz\u0105cy Komitetu Gospodarki Wodnej PAN. [&hellip;]<\/p>\n","protected":false},"author":6,"featured_media":0,"comment_status":"closed","ping_status":"closed","sticky":false,"template":"","format":"standard","meta":[],"categories":[22],"tags":[],"_links":{"self":[{"href":"https:\/\/www.polishscience.pl\/pl\/wp-json\/wp\/v2\/posts\/117685"}],"collection":[{"href":"https:\/\/www.polishscience.pl\/pl\/wp-json\/wp\/v2\/posts"}],"about":[{"href":"https:\/\/www.polishscience.pl\/pl\/wp-json\/wp\/v2\/types\/post"}],"author":[{"embeddable":true,"href":"https:\/\/www.polishscience.pl\/pl\/wp-json\/wp\/v2\/users\/6"}],"replies":[{"embeddable":true,"href":"https:\/\/www.polishscience.pl\/pl\/wp-json\/wp\/v2\/comments?post=117685"}],"version-history":[{"count":0,"href":"https:\/\/www.polishscience.pl\/pl\/wp-json\/wp\/v2\/posts\/117685\/revisions"}],"wp:attachment":[{"href":"https:\/\/www.polishscience.pl\/pl\/wp-json\/wp\/v2\/media?parent=117685"}],"wp:term":[{"taxonomy":"category","embeddable":true,"href":"https:\/\/www.polishscience.pl\/pl\/wp-json\/wp\/v2\/categories?post=117685"},{"taxonomy":"post_tag","embeddable":true,"href":"https:\/\/www.polishscience.pl\/pl\/wp-json\/wp\/v2\/tags?post=117685"}],"curies":[{"name":"wp","href":"https:\/\/api.w.org\/{rel}","templated":true}]}}