{"id":117683,"date":"2020-03-03T10:11:41","date_gmt":"2020-03-03T09:11:41","guid":{"rendered":"http:\/\/polishscience.pl\/?p=117683"},"modified":"2020-03-03T10:11:41","modified_gmt":"2020-03-03T09:11:41","slug":"konferencja-100-lat-ochrony-srodowiska-w-polsce-i-co-dalej","status":"publish","type":"post","link":"https:\/\/www.polishscience.pl\/pl\/konferencja-100-lat-ochrony-srodowiska-w-polsce-i-co-dalej\/","title":{"rendered":"Konferencja \u201e100 lat ochrony \u015brodowiska w Polsce \u2013 i co dalej?\u201d"},"content":{"rendered":"<p><strong>Katedra Ochrony \u015arodowiska Szko\u0142y G\u0142\u00f3wnej Gospodarstwa Wiejskiego (SGGW) w Warszawie oraz Fundacja Instytut na rzecz Ekorozwoju zapraszaj\u0105 naukowc\u00f3w, praktyk\u00f3w biznesu, samorz\u0105dowc\u00f3w i organizacje pozarz\u0105dowe na konferencj\u0119 pt. \u201e100 lat ochrony \u015brodowiska w Polsce \u2013 i co dalej?\u201d, kt\u00f3ra odb\u0119dzie si\u0119 16-17 marca 2020 r. w Domu Technika w Warszawie.\u00a0<\/strong><\/p>\n<p>Symboliczne 100 lat liczone jest od 17 grudnia 1919 r., kiedy to \u015brodowiska naukowe zaproponowa\u0142y utworzenie Pa\u0144stwowej Rady Ochrony Przyrody w niepodleg\u0142ej II Rzeczypospolitej Polskiej.<\/p>\n<p>Konferencja ma za zadanie uczy\u0107 poprzez pokazanie wysi\u0142ku wielu pokole\u0144 ludzi, instytucji i organizacji, kt\u00f3ry w\u0142o\u017cony zosta\u0142 w dbanie o ojczyst\u0105 przyrod\u0119 i nowoczesne pojmowanie ochrony \u015brodowiska oraz zr\u00f3wnowa\u017conego rozwoju.<\/p>\n<p>Tematyka konferencji dotyczy historycznych pora\u017cek i sukces\u00f3w ochrony \u015brodowiska w Polsce oraz wypracowania rekomendacji dla przysz\u0142ej polityki zr\u00f3wnowa\u017conego rozwoju kraju zgodnie z Celami Zr\u00f3wnowa\u017conego Rozwoju ONZ.<\/p>\n<p>jp<\/p>\n","protected":false},"excerpt":{"rendered":"<p>Katedra Ochrony \u015arodowiska Szko\u0142y G\u0142\u00f3wnej Gospodarstwa Wiejskiego (SGGW) w Warszawie oraz Fundacja Instytut na rzecz Ekorozwoju zapraszaj\u0105 naukowc\u00f3w, praktyk\u00f3w biznesu, samorz\u0105dowc\u00f3w i organizacje pozarz\u0105dowe na konferencj\u0119 pt. \u201e100 lat ochrony \u015brodowiska w Polsce \u2013 i co dalej?\u201d, kt\u00f3ra odb\u0119dzie si\u0119 16-17 marca 2020 r. w Domu Technika w Warszawie.\u00a0 Symboliczne 100 lat liczone jest od [&hellip;]<\/p>\n","protected":false},"author":6,"featured_media":0,"comment_status":"closed","ping_status":"closed","sticky":false,"template":"","format":"standard","meta":[],"categories":[22],"tags":[],"_links":{"self":[{"href":"https:\/\/www.polishscience.pl\/pl\/wp-json\/wp\/v2\/posts\/117683"}],"collection":[{"href":"https:\/\/www.polishscience.pl\/pl\/wp-json\/wp\/v2\/posts"}],"about":[{"href":"https:\/\/www.polishscience.pl\/pl\/wp-json\/wp\/v2\/types\/post"}],"author":[{"embeddable":true,"href":"https:\/\/www.polishscience.pl\/pl\/wp-json\/wp\/v2\/users\/6"}],"replies":[{"embeddable":true,"href":"https:\/\/www.polishscience.pl\/pl\/wp-json\/wp\/v2\/comments?post=117683"}],"version-history":[{"count":0,"href":"https:\/\/www.polishscience.pl\/pl\/wp-json\/wp\/v2\/posts\/117683\/revisions"}],"wp:attachment":[{"href":"https:\/\/www.polishscience.pl\/pl\/wp-json\/wp\/v2\/media?parent=117683"}],"wp:term":[{"taxonomy":"category","embeddable":true,"href":"https:\/\/www.polishscience.pl\/pl\/wp-json\/wp\/v2\/categories?post=117683"},{"taxonomy":"post_tag","embeddable":true,"href":"https:\/\/www.polishscience.pl\/pl\/wp-json\/wp\/v2\/tags?post=117683"}],"curies":[{"name":"wp","href":"https:\/\/api.w.org\/{rel}","templated":true}]}}