{"id":117682,"date":"2020-03-03T10:11:20","date_gmt":"2020-03-03T09:11:20","guid":{"rendered":"http:\/\/polishscience.pl\/?p=117682"},"modified":"2020-03-03T10:11:20","modified_gmt":"2020-03-03T09:11:20","slug":"resort-nauki-powolal-zespol-ds-postepowania-w-sytuacji-zagrozenia-koronawirusem","status":"publish","type":"post","link":"https:\/\/www.polishscience.pl\/pl\/resort-nauki-powolal-zespol-ds-postepowania-w-sytuacji-zagrozenia-koronawirusem\/","title":{"rendered":"Resort nauki powo\u0142a\u0142 zesp\u00f3\u0142 ds. post\u0119powania w sytuacji zagro\u017cenia koronawirusem"},"content":{"rendered":"<p><strong>Sporz\u0105dzanie wytycznych dla uczelni i podmiot\u00f3w nauki dotycz\u0105cych zaj\u0119\u0107 dydaktycznych, organizacji wydarze\u0144 masowych w obiektach uczelni, funkcjonowania akademik\u00f3w i sto\u0142\u00f3wek \u2013 tym m.in. zajmie si\u0119 specjalny zesp\u00f3\u0142 do spraw post\u0119powania w sytuacji zagro\u017cenia koronawirusem powo\u0142any przez Ministerstwo Nauki i Szkolnictwa Wy\u017cszego. Zesp\u00f3\u0142 rozpocz\u0105\u0142 dzia\u0142alno\u015b\u0107 2 marca.\u00a0<\/strong><\/p>\n<p>Zesp\u00f3\u0142 powo\u0142any we wsp\u00f3\u0142pracy z Konferencj\u0105 Rektor\u00f3w Akademickich Szk\u00f3\u0142 Polskich; b\u0119dzie koordynowa\u0142 dzia\u0142ania w sytuacji zagro\u017cenia koronawirusem, wprowadza\u0142 wsp\u00f3lne praktyki na polskich uczelniach i monitorowa\u0142 sytuacj\u0119 \u2013 wicepremier, minister nauki i szkolnictwa wy\u017cszego Jaros\u0142aw Gowin.<\/p>\n<p>Je\u017celi chodzi o obszar szkolnictwa wy\u017cszego, uczelni, instytut\u00f3w naukowych &#8211; jeste\u015bmy znakomicie przygotowani na ewentualno\u015b\u0107 wyst\u0105pienia koronawirusa w Polsce; nie ma \u017cadnych powod\u00f3w do niepokoju, wszystkie dzia\u0142ania s\u0105 zaplanowane. Jeste\u015bmy przekonani, \u017ce w przestrzeni akademickiej zosta\u0142y podj\u0119te wszelkie niezb\u0119dne kroki, aby zapobiec rozprzestrzenianiu si\u0119 koronawirusa. Jeste\u015bmy w sta\u0142ym kontakcie z Generalnym Inspektoratem Sanitarnym, sytuacja jest\u00a0 pod kontrol\u0105 \u2013 doda\u0142 wicepremier Jaros\u0142aw Gowin.<\/p>\n<p>jp<\/p>\n","protected":false},"excerpt":{"rendered":"<p>Sporz\u0105dzanie wytycznych dla uczelni i podmiot\u00f3w nauki dotycz\u0105cych zaj\u0119\u0107 dydaktycznych, organizacji wydarze\u0144 masowych w obiektach uczelni, funkcjonowania akademik\u00f3w i sto\u0142\u00f3wek \u2013 tym m.in. zajmie si\u0119 specjalny zesp\u00f3\u0142 do spraw post\u0119powania w sytuacji zagro\u017cenia koronawirusem powo\u0142any przez Ministerstwo Nauki i Szkolnictwa Wy\u017cszego. Zesp\u00f3\u0142 rozpocz\u0105\u0142 dzia\u0142alno\u015b\u0107 2 marca.\u00a0 Zesp\u00f3\u0142 powo\u0142any we wsp\u00f3\u0142pracy z Konferencj\u0105 Rektor\u00f3w Akademickich Szk\u00f3\u0142 [&hellip;]<\/p>\n","protected":false},"author":6,"featured_media":0,"comment_status":"closed","ping_status":"closed","sticky":false,"template":"","format":"standard","meta":[],"categories":[21],"tags":[],"_links":{"self":[{"href":"https:\/\/www.polishscience.pl\/pl\/wp-json\/wp\/v2\/posts\/117682"}],"collection":[{"href":"https:\/\/www.polishscience.pl\/pl\/wp-json\/wp\/v2\/posts"}],"about":[{"href":"https:\/\/www.polishscience.pl\/pl\/wp-json\/wp\/v2\/types\/post"}],"author":[{"embeddable":true,"href":"https:\/\/www.polishscience.pl\/pl\/wp-json\/wp\/v2\/users\/6"}],"replies":[{"embeddable":true,"href":"https:\/\/www.polishscience.pl\/pl\/wp-json\/wp\/v2\/comments?post=117682"}],"version-history":[{"count":0,"href":"https:\/\/www.polishscience.pl\/pl\/wp-json\/wp\/v2\/posts\/117682\/revisions"}],"wp:attachment":[{"href":"https:\/\/www.polishscience.pl\/pl\/wp-json\/wp\/v2\/media?parent=117682"}],"wp:term":[{"taxonomy":"category","embeddable":true,"href":"https:\/\/www.polishscience.pl\/pl\/wp-json\/wp\/v2\/categories?post=117682"},{"taxonomy":"post_tag","embeddable":true,"href":"https:\/\/www.polishscience.pl\/pl\/wp-json\/wp\/v2\/tags?post=117682"}],"curies":[{"name":"wp","href":"https:\/\/api.w.org\/{rel}","templated":true}]}}