{"id":117166,"date":"2020-02-27T13:40:02","date_gmt":"2020-02-27T12:40:02","guid":{"rendered":"http:\/\/polishscience.pl\/?p=117166"},"modified":"2020-02-27T15:20:51","modified_gmt":"2020-02-27T14:20:51","slug":"dwustu-studentow-z-calego-swiata-rozpoczelo-studia-na-politechnice-wroclawskiej","status":"publish","type":"post","link":"https:\/\/www.polishscience.pl\/pl\/dwustu-studentow-z-calego-swiata-rozpoczelo-studia-na-politechnice-wroclawskiej\/","title":{"rendered":"Dwustu student\u00f3w z ca\u0142ego \u015bwiata rozpocz\u0119\u0142o studia na Politechnice Wroc\u0142awskiej"},"content":{"rendered":"<p><strong>Dwustu student\u00f3w z ca\u0142ego \u015bwiata rozpocz\u0119\u0142o swoj\u0105 przygod\u0119 z Politechnik\u0105 Wroc\u0142awsk\u0105. W trakcie dni wst\u0119pnych organizowanych przez Dzia\u0142 Spraw Mi\u0119dzynarodowych poznawali m.in. uczelni\u0119 i dzia\u0142aj\u0105ce na Politechnice ko\u0142a naukowe.<\/strong><\/p>\n<p>W ramach program\u00f3w wymiany studenckiej (Erasmus+ i Student Exchange) w semestrze letnim nauk\u0119 rozpocznie 120 student\u00f3w. Najwi\u0119ksz\u0105 grup\u0119 stanowi\u0105 osoby z Turcji, Francji, Indii, Hiszpanii, Portugalii i Niemiec. 80 os\u00f3b liczy grupa, kt\u00f3ra rozpocznie nauk\u0119 w pe\u0142nym cyklu studi\u00f3w. Najwi\u0119cej pochodzi z Ukrainy, Indii, Etiopii oraz Nigerii. W\u015br\u00f3d student\u00f3w s\u0105 tak\u017ce osoby z Algierii, Kongo, Jordanii, Mongolii, Rosji, Turkmenistanu i Zimbabwe.<\/p>\n<p>W trakcie dni wst\u0119pnych studenci mogli m.in. zobaczy\u0107 film informacyjny, obejrze\u0107 prezentacje przygotowane przez uczelniane jednostki oraz swoich koleg\u00f3w z k\u00f3\u0142 naukowych i organizacji studenckich, zapozna\u0107 si\u0119 z ofert\u0105 biblioteki oraz porozmawia\u0107 z przedstawicielami policji i wroc\u0142awskiego magistratu \u2013 informuje uczelnia.<\/p>\n<p>Wi\u0119cej: <a href=\"https:\/\/pwr.edu.pl\/uczelnia\/aktualnosci\/chca-u-nas-studiowac--przyjechali-z-calego-swiata-11488.html\">https:\/\/pwr.edu.pl\/uczelnia\/aktualnosci\/chca-u-nas-studiowac&#8211;przyjechali-z-calego-swiata-11488.html<\/a><\/p>\n<p>&nbsp;<\/p>\n<p>jsz<\/p>\n","protected":false},"excerpt":{"rendered":"<p>Dwustu student\u00f3w z ca\u0142ego \u015bwiata rozpocz\u0119\u0142o swoj\u0105 przygod\u0119 z Politechnik\u0105 Wroc\u0142awsk\u0105. W trakcie dni wst\u0119pnych organizowanych przez Dzia\u0142 Spraw Mi\u0119dzynarodowych poznawali m.in. uczelni\u0119 i dzia\u0142aj\u0105ce na Politechnice ko\u0142a naukowe. W ramach program\u00f3w wymiany studenckiej (Erasmus+ i Student Exchange) w semestrze letnim nauk\u0119 rozpocznie 120 student\u00f3w. Najwi\u0119ksz\u0105 grup\u0119 stanowi\u0105 osoby z Turcji, Francji, Indii, Hiszpanii, Portugalii [&hellip;]<\/p>\n","protected":false},"author":6,"featured_media":0,"comment_status":"closed","ping_status":"closed","sticky":false,"template":"","format":"standard","meta":[],"categories":[21],"tags":[],"_links":{"self":[{"href":"https:\/\/www.polishscience.pl\/pl\/wp-json\/wp\/v2\/posts\/117166"}],"collection":[{"href":"https:\/\/www.polishscience.pl\/pl\/wp-json\/wp\/v2\/posts"}],"about":[{"href":"https:\/\/www.polishscience.pl\/pl\/wp-json\/wp\/v2\/types\/post"}],"author":[{"embeddable":true,"href":"https:\/\/www.polishscience.pl\/pl\/wp-json\/wp\/v2\/users\/6"}],"replies":[{"embeddable":true,"href":"https:\/\/www.polishscience.pl\/pl\/wp-json\/wp\/v2\/comments?post=117166"}],"version-history":[{"count":0,"href":"https:\/\/www.polishscience.pl\/pl\/wp-json\/wp\/v2\/posts\/117166\/revisions"}],"wp:attachment":[{"href":"https:\/\/www.polishscience.pl\/pl\/wp-json\/wp\/v2\/media?parent=117166"}],"wp:term":[{"taxonomy":"category","embeddable":true,"href":"https:\/\/www.polishscience.pl\/pl\/wp-json\/wp\/v2\/categories?post=117166"},{"taxonomy":"post_tag","embeddable":true,"href":"https:\/\/www.polishscience.pl\/pl\/wp-json\/wp\/v2\/tags?post=117166"}],"curies":[{"name":"wp","href":"https:\/\/api.w.org\/{rel}","templated":true}]}}