{"id":116803,"date":"2020-02-25T09:59:50","date_gmt":"2020-02-25T08:59:50","guid":{"rendered":"http:\/\/polishscience.pl\/?p=116803"},"modified":"2020-02-25T09:59:50","modified_gmt":"2020-02-25T08:59:50","slug":"tydzien-mozgu-2020-na-uniwersytecie-jagiellonskim","status":"publish","type":"post","link":"https:\/\/www.polishscience.pl\/pl\/tydzien-mozgu-2020-na-uniwersytecie-jagiellonskim\/","title":{"rendered":"Tydzie\u0144 M\u00f3zgu 2020 na Uniwersytecie Jagiello\u0144skim"},"content":{"rendered":"<p><strong>Od 9 do 14 marca 2020 roku Auditorium Maximum Uniwersytetu Jagiello\u0144skiego (UJ) w Krakowie b\u0119dzie przestrzeni\u0105 wyk\u0142ad\u00f3w i dyskusji w ramach Tygodnia M\u00f3zgu 2020, kt\u00f3ry odb\u0119dzie si\u0119 pod has\u0142em &#8222;Osi\u0105gni\u0119cia neuronauki w XX i XIX wieku&#8221;.<\/strong><\/p>\n<p>Wydarzenie organizuj\u0105: Polskie Towarzystwo Przyrodnik\u00f3w im. Kopernika, Zak\u0142ad Biologii i Obrazowania Kom\u00f3rki UJ, Komitet Neurobiologii Polskiej Akademii Nauk (PAN), Instytut Farmakologii PAN oraz Centrum Promocji i Komunikacji UJ.<\/p>\n<p>W ramach Tygodnia M\u00f3zgu 2020 mi\u0119dzy innymi 11 marca odb\u0119d\u0105 si\u0119 specjalne warsztaty dla dzieci w wieku 7-12 lat zorganizowane przez Zak\u0142ad Biochemii M\u00f3zgu Instytutu Farmakologii PAN, w trakcie kt\u00f3rych najm\u0142odsi amatorzy rozpracowywania tajnik\u00f3w dzia\u0142ania m\u00f3zgu b\u0119d\u0105 mieli szans\u0119 zdoby\u0107 now\u0105 wiedz\u0119 i umiej\u0119tno\u015bci &#8211; informuj\u0105 organizatorzy.<\/p>\n<p>jp<\/p>\n","protected":false},"excerpt":{"rendered":"<p>Od 9 do 14 marca 2020 roku Auditorium Maximum Uniwersytetu Jagiello\u0144skiego (UJ) w Krakowie b\u0119dzie przestrzeni\u0105 wyk\u0142ad\u00f3w i dyskusji w ramach Tygodnia M\u00f3zgu 2020, kt\u00f3ry odb\u0119dzie si\u0119 pod has\u0142em &#8222;Osi\u0105gni\u0119cia neuronauki w XX i XIX wieku&#8221;. Wydarzenie organizuj\u0105: Polskie Towarzystwo Przyrodnik\u00f3w im. Kopernika, Zak\u0142ad Biologii i Obrazowania Kom\u00f3rki UJ, Komitet Neurobiologii Polskiej Akademii Nauk (PAN), [&hellip;]<\/p>\n","protected":false},"author":6,"featured_media":0,"comment_status":"closed","ping_status":"closed","sticky":false,"template":"","format":"standard","meta":[],"categories":[22],"tags":[],"_links":{"self":[{"href":"https:\/\/www.polishscience.pl\/pl\/wp-json\/wp\/v2\/posts\/116803"}],"collection":[{"href":"https:\/\/www.polishscience.pl\/pl\/wp-json\/wp\/v2\/posts"}],"about":[{"href":"https:\/\/www.polishscience.pl\/pl\/wp-json\/wp\/v2\/types\/post"}],"author":[{"embeddable":true,"href":"https:\/\/www.polishscience.pl\/pl\/wp-json\/wp\/v2\/users\/6"}],"replies":[{"embeddable":true,"href":"https:\/\/www.polishscience.pl\/pl\/wp-json\/wp\/v2\/comments?post=116803"}],"version-history":[{"count":0,"href":"https:\/\/www.polishscience.pl\/pl\/wp-json\/wp\/v2\/posts\/116803\/revisions"}],"wp:attachment":[{"href":"https:\/\/www.polishscience.pl\/pl\/wp-json\/wp\/v2\/media?parent=116803"}],"wp:term":[{"taxonomy":"category","embeddable":true,"href":"https:\/\/www.polishscience.pl\/pl\/wp-json\/wp\/v2\/categories?post=116803"},{"taxonomy":"post_tag","embeddable":true,"href":"https:\/\/www.polishscience.pl\/pl\/wp-json\/wp\/v2\/tags?post=116803"}],"curies":[{"name":"wp","href":"https:\/\/api.w.org\/{rel}","templated":true}]}}