{"id":116802,"date":"2020-02-25T09:59:35","date_gmt":"2020-02-25T08:59:35","guid":{"rendered":"http:\/\/polishscience.pl\/?p=116802"},"modified":"2020-02-25T09:59:35","modified_gmt":"2020-02-25T08:59:35","slug":"veritas-et-libertas-konkurs-fotograficzny-z-okazji-75-lecia-uniwersytetu-lodzkiego","status":"publish","type":"post","link":"https:\/\/www.polishscience.pl\/pl\/veritas-et-libertas-konkurs-fotograficzny-z-okazji-75-lecia-uniwersytetu-lodzkiego\/","title":{"rendered":"\u201eVeritas et Libertas\u201d. Konkurs fotograficzny z okazji 75-lecia Uniwersytetu \u0141\u00f3dzkiego"},"content":{"rendered":"<p><strong>Z okazji jubileuszu 75-lecia Uniwersytet \u0141\u00f3dzki (U\u0141) organizuje og\u00f3lnopolski konkurs fotograficzny, kt\u00f3rego tematem przewodnim jest motto \u0142\u00f3dzkiej uczelni: \u201cVeritas et Libertas\u201d (&#8222;Prawda i\u00a0Wolno\u015b\u0107&#8221;).<\/strong><\/p>\n<p>Jak zaznacza prof. dr hab. Tomasz Ferenc \u2013\u00a0komisarz konkursu \u2013\u00a0intencj\u0105 wydarzenia jest \u201ewizualizacja, interpretacja i\u00a0aktualizacja idei zdeponowanej w\u00a0motcie U\u0141., a\u00a0tym samym wyobra\u017cenie i\u00a0ponowne zdefiniowanie warto\u015bci, na kt\u00f3rych ufundowana zosta\u0142a \u0142\u00f3dzka uczelnia.\u201d<\/p>\n<p>Konkurs ma charakter otwarty, w\u00a0zwi\u0105zku z\u00a0czym nie ma \u017cadnych ogranicze\u0144 uczestnictwa. Celem jest bowiem stworzenie mo\u017cliwie szerokiej platformy, kt\u00f3ra po\u0142\u0105czy artyst\u00f3w-fotograf\u00f3w z\u00a0ca\u0142ej Polski pracuj\u0105cych w\u00a0r\u00f3\u017cnych stylach i\u00a0gatunkach fotograficznych.<\/p>\n<p>Zainteresowani mog\u0105 wysy\u0142a\u0107 zdj\u0119cia do 10 maja na adres <a href=\"mailto:konkurs.foto@uni.lodz.pl\">konkurs.foto@uni.lodz.pl<\/a>. G\u0142\u00f3wna nagroda to 5000 z\u0142.<\/p>\n<p>jp<\/p>\n<p>&nbsp;<\/p>\n","protected":false},"excerpt":{"rendered":"<p>Z okazji jubileuszu 75-lecia Uniwersytet \u0141\u00f3dzki (U\u0141) organizuje og\u00f3lnopolski konkurs fotograficzny, kt\u00f3rego tematem przewodnim jest motto \u0142\u00f3dzkiej uczelni: \u201cVeritas et Libertas\u201d (&#8222;Prawda i\u00a0Wolno\u015b\u0107&#8221;). Jak zaznacza prof. dr hab. Tomasz Ferenc \u2013\u00a0komisarz konkursu \u2013\u00a0intencj\u0105 wydarzenia jest \u201ewizualizacja, interpretacja i\u00a0aktualizacja idei zdeponowanej w\u00a0motcie U\u0141., a\u00a0tym samym wyobra\u017cenie i\u00a0ponowne zdefiniowanie warto\u015bci, na kt\u00f3rych ufundowana zosta\u0142a \u0142\u00f3dzka uczelnia.\u201d Konkurs [&hellip;]<\/p>\n","protected":false},"author":6,"featured_media":0,"comment_status":"closed","ping_status":"closed","sticky":false,"template":"","format":"standard","meta":[],"categories":[22],"tags":[],"_links":{"self":[{"href":"https:\/\/www.polishscience.pl\/pl\/wp-json\/wp\/v2\/posts\/116802"}],"collection":[{"href":"https:\/\/www.polishscience.pl\/pl\/wp-json\/wp\/v2\/posts"}],"about":[{"href":"https:\/\/www.polishscience.pl\/pl\/wp-json\/wp\/v2\/types\/post"}],"author":[{"embeddable":true,"href":"https:\/\/www.polishscience.pl\/pl\/wp-json\/wp\/v2\/users\/6"}],"replies":[{"embeddable":true,"href":"https:\/\/www.polishscience.pl\/pl\/wp-json\/wp\/v2\/comments?post=116802"}],"version-history":[{"count":0,"href":"https:\/\/www.polishscience.pl\/pl\/wp-json\/wp\/v2\/posts\/116802\/revisions"}],"wp:attachment":[{"href":"https:\/\/www.polishscience.pl\/pl\/wp-json\/wp\/v2\/media?parent=116802"}],"wp:term":[{"taxonomy":"category","embeddable":true,"href":"https:\/\/www.polishscience.pl\/pl\/wp-json\/wp\/v2\/categories?post=116802"},{"taxonomy":"post_tag","embeddable":true,"href":"https:\/\/www.polishscience.pl\/pl\/wp-json\/wp\/v2\/tags?post=116802"}],"curies":[{"name":"wp","href":"https:\/\/api.w.org\/{rel}","templated":true}]}}