{"id":116586,"date":"2020-02-24T09:57:03","date_gmt":"2020-02-24T08:57:03","guid":{"rendered":"http:\/\/polishscience.pl\/?p=116586"},"modified":"2020-02-24T09:57:03","modified_gmt":"2020-02-24T08:57:03","slug":"edukacja-dziecka-w-ujeciu-historycznym-miedzynarodowa-konferencja-w-gorzowie-wielkopolskim","status":"publish","type":"post","link":"https:\/\/www.polishscience.pl\/pl\/edukacja-dziecka-w-ujeciu-historycznym-miedzynarodowa-konferencja-w-gorzowie-wielkopolskim\/","title":{"rendered":"\u201eEdukacja dziecka w uj\u0119ciu historycznym\u201d \u2013 mi\u0119dzynarodowa konferencja w Gorzowie Wielkopolskim"},"content":{"rendered":"<p><strong>Katedra Edukacji Dziecka Wydzia\u0142u Humanistycznego, Akademickie Centrum Bada\u0144 Euroregionalnych i Akademickie Centrum Ukrainoznawcze Akademii im. Jakuba z Parady\u017ca w Gorzowie Wielkopolskim oraz Katedra Nauk Spo\u0142ecznych i Humanistycznych Uniwersytetu Medycznego w Poznaniu zapraszaj\u0105 11 maja na Mi\u0119dzynarodow\u0105 Interdyscyplinarn\u0105 Konferencj\u0119 Naukow\u0105 \u201eEdukacja dziecka w uj\u0119ciu historycznym\u201d.<\/strong><\/p>\n<p>Celem konferencji jest prezentacja r\u00f3\u017cnorodnych form i metod nauczania, system\u00f3w filozoficznych, jak r\u00f3wnie\u017c szk\u00f3\u0142 i o\u015brodk\u00f3w zwi\u0105zanych z edukacj\u0105 dziecka zdrowego i chorego na przestrzeni dziej\u00f3w &#8211; zar\u00f3wno w Polsce jak i na \u015bwiecie.<\/p>\n<p>Wydarzenie jest adresowane do pedagog\u00f3w, psycholog\u00f3w, historyk\u00f3w, j\u0119zykoznawc\u00f3w, literaturoznawc\u00f3w, filozof\u00f3w, nauczycieli praktyk\u00f3w i badaczy zainteresowanych problematyk\u0105 edukacji dzieci \u2013 informuj\u0105 organizatorzy w serwisie Akademii.<\/p>\n<p>&nbsp;<\/p>\n<p>jsz<\/p>\n","protected":false},"excerpt":{"rendered":"<p>Katedra Edukacji Dziecka Wydzia\u0142u Humanistycznego, Akademickie Centrum Bada\u0144 Euroregionalnych i Akademickie Centrum Ukrainoznawcze Akademii im. Jakuba z Parady\u017ca w Gorzowie Wielkopolskim oraz Katedra Nauk Spo\u0142ecznych i Humanistycznych Uniwersytetu Medycznego w Poznaniu zapraszaj\u0105 11 maja na Mi\u0119dzynarodow\u0105 Interdyscyplinarn\u0105 Konferencj\u0119 Naukow\u0105 \u201eEdukacja dziecka w uj\u0119ciu historycznym\u201d. Celem konferencji jest prezentacja r\u00f3\u017cnorodnych form i metod nauczania, system\u00f3w filozoficznych, [&hellip;]<\/p>\n","protected":false},"author":6,"featured_media":0,"comment_status":"closed","ping_status":"closed","sticky":false,"template":"","format":"standard","meta":[],"categories":[22],"tags":[],"_links":{"self":[{"href":"https:\/\/www.polishscience.pl\/pl\/wp-json\/wp\/v2\/posts\/116586"}],"collection":[{"href":"https:\/\/www.polishscience.pl\/pl\/wp-json\/wp\/v2\/posts"}],"about":[{"href":"https:\/\/www.polishscience.pl\/pl\/wp-json\/wp\/v2\/types\/post"}],"author":[{"embeddable":true,"href":"https:\/\/www.polishscience.pl\/pl\/wp-json\/wp\/v2\/users\/6"}],"replies":[{"embeddable":true,"href":"https:\/\/www.polishscience.pl\/pl\/wp-json\/wp\/v2\/comments?post=116586"}],"version-history":[{"count":0,"href":"https:\/\/www.polishscience.pl\/pl\/wp-json\/wp\/v2\/posts\/116586\/revisions"}],"wp:attachment":[{"href":"https:\/\/www.polishscience.pl\/pl\/wp-json\/wp\/v2\/media?parent=116586"}],"wp:term":[{"taxonomy":"category","embeddable":true,"href":"https:\/\/www.polishscience.pl\/pl\/wp-json\/wp\/v2\/categories?post=116586"},{"taxonomy":"post_tag","embeddable":true,"href":"https:\/\/www.polishscience.pl\/pl\/wp-json\/wp\/v2\/tags?post=116586"}],"curies":[{"name":"wp","href":"https:\/\/api.w.org\/{rel}","templated":true}]}}