{"id":116583,"date":"2020-02-24T09:56:51","date_gmt":"2020-02-24T08:56:51","guid":{"rendered":"http:\/\/polishscience.pl\/?p=116583"},"modified":"2020-02-24T09:56:51","modified_gmt":"2020-02-24T08:56:51","slug":"lubelskie-uczelnie-na-miedzynarodowych-targach-edukacyjnych-w-minsku","status":"publish","type":"post","link":"https:\/\/www.polishscience.pl\/pl\/lubelskie-uczelnie-na-miedzynarodowych-targach-edukacyjnych-w-minsku\/","title":{"rendered":"Lubelskie uczelnie na Mi\u0119dzynarodowych Targach Edukacyjnych w Mi\u0144sku"},"content":{"rendered":"<p><strong>W dniach 13-16 lutego w stolicy Bia\u0142orusi Mi\u0144sku odby\u0142y si\u0119 kolejne Mi\u0119dzynarodowe Targi Edukacyjne \u201eEdukacja i Kariera\u201d oraz \u201eTomorrow Conference 2020\u201d. Podczas targ\u00f3w lubelskie uczelnie zaprezentowa\u0142y swoj\u0105 ofert\u0119 na wsp\u00f3lnym stoisku miejskiego programu wsparcia dla student\u00f3w z zagranicy \u201eStudy in Lublin\u201d.<\/strong><\/p>\n<p>W Polsce studiuje blisko 8 tys. m\u0142odych ludzi z Bia\u0142orusi. To druga najwi\u0119ksza grupa obcokrajowc\u00f3w po Ukrai\u0144cach \u2013 \u00a0m\u00f3wi\u0142 podczas wydarzenia Waldemar Siwi\u0144ski, prezes Fundacji Perspektywy.<\/p>\n<p>W ci\u0105gu ostatnich trzech lat liczba student\u00f3w z Bia\u0142orusi w Polsce wzros\u0142a dwukrotnie. W 2019 roku studiowa\u0142o u nas 7,4 tys. student\u00f3w z tego kraju, w tym roku jest ich nieco wi\u0119cej. Jest to jednak znaczniej mniej liczna grupa ni\u017c studenci z Ukrainy, kt\u00f3rych by\u0142o w 2019 roku prawie 40 tys. W sumie w Polsce uczy si\u0119 ok. 80 tys. obcokrajowc\u00f3w.<\/p>\n<p>W ci\u0105gu trzech dni targ\u00f3w, kt\u00f3re by\u0142y skierowane do m\u0142odzie\u017cy zainteresowanej studiami w Polsce, zosta\u0142a zaprezentowana oferta edukacyjna lubelskich szk\u00f3\u0142 wy\u017cszych, przygotowana w j\u0119zyku rosyjskim oraz angielskim.<\/p>\n<p>jp<\/p>\n","protected":false},"excerpt":{"rendered":"<p>W dniach 13-16 lutego w stolicy Bia\u0142orusi Mi\u0144sku odby\u0142y si\u0119 kolejne Mi\u0119dzynarodowe Targi Edukacyjne \u201eEdukacja i Kariera\u201d oraz \u201eTomorrow Conference 2020\u201d. Podczas targ\u00f3w lubelskie uczelnie zaprezentowa\u0142y swoj\u0105 ofert\u0119 na wsp\u00f3lnym stoisku miejskiego programu wsparcia dla student\u00f3w z zagranicy \u201eStudy in Lublin\u201d. W Polsce studiuje blisko 8 tys. m\u0142odych ludzi z Bia\u0142orusi. To druga najwi\u0119ksza grupa [&hellip;]<\/p>\n","protected":false},"author":6,"featured_media":0,"comment_status":"closed","ping_status":"closed","sticky":false,"template":"","format":"standard","meta":[],"categories":[21],"tags":[],"_links":{"self":[{"href":"https:\/\/www.polishscience.pl\/pl\/wp-json\/wp\/v2\/posts\/116583"}],"collection":[{"href":"https:\/\/www.polishscience.pl\/pl\/wp-json\/wp\/v2\/posts"}],"about":[{"href":"https:\/\/www.polishscience.pl\/pl\/wp-json\/wp\/v2\/types\/post"}],"author":[{"embeddable":true,"href":"https:\/\/www.polishscience.pl\/pl\/wp-json\/wp\/v2\/users\/6"}],"replies":[{"embeddable":true,"href":"https:\/\/www.polishscience.pl\/pl\/wp-json\/wp\/v2\/comments?post=116583"}],"version-history":[{"count":0,"href":"https:\/\/www.polishscience.pl\/pl\/wp-json\/wp\/v2\/posts\/116583\/revisions"}],"wp:attachment":[{"href":"https:\/\/www.polishscience.pl\/pl\/wp-json\/wp\/v2\/media?parent=116583"}],"wp:term":[{"taxonomy":"category","embeddable":true,"href":"https:\/\/www.polishscience.pl\/pl\/wp-json\/wp\/v2\/categories?post=116583"},{"taxonomy":"post_tag","embeddable":true,"href":"https:\/\/www.polishscience.pl\/pl\/wp-json\/wp\/v2\/tags?post=116583"}],"curies":[{"name":"wp","href":"https:\/\/api.w.org\/{rel}","templated":true}]}}