{"id":116332,"date":"2020-02-21T14:53:55","date_gmt":"2020-02-21T13:53:55","guid":{"rendered":"http:\/\/polishscience.pl\/?p=116332"},"modified":"2020-02-21T15:00:58","modified_gmt":"2020-02-21T14:00:58","slug":"uniwersum-komenskiego-od-pansofii-do-globalizacji-konferencja-w-lesznie","status":"publish","type":"post","link":"https:\/\/www.polishscience.pl\/pl\/uniwersum-komenskiego-od-pansofii-do-globalizacji-konferencja-w-lesznie\/","title":{"rendered":"Uniwersum Kome\u0144skiego &#8211; od pansofii do globalizacji \u2013 konferencja w Lesznie"},"content":{"rendered":"<p><strong>Pa\u0144stwowa Wy\u017csza Szko\u0142a Zawodowa im. Jana Amosa Kome\u0144skiego w Lesznie zaprasza do udzia\u0142u w konferencji \u201eUniwersum Kome\u0144skiego &#8211; od pansofii do globalizacji\u201d. Konferencja u\u015bwietni uroczysto\u015b\u0107 Dnia Patrona uczelni \u2013 14 maja.<\/strong><\/p>\n<p>Organizatorzy proponuj\u0105 nast\u0119puj\u0105ce obszary wyst\u0105pie\u0144: Europejski wymiar \u017cycia i tw\u00f3rczo\u015bci Jana Amosa Kome\u0144skiego, Filozofia Jana Amosa Kome\u0144skiego, Spo\u0142ecze\u0144stwo i rodzina w koncepcjach Jana Amosa Kome\u0144skiego, Uniwersalizm my\u015bli pedagogicznej Jana Amosa Kome\u0144skiego i Recepcja pogl\u0105d\u00f3w Jana Amosa Kome\u0144skiego na przestrzeni wiek\u00f3w.<\/p>\n<p>Leszno by\u0142o jednym z przystank\u00f3w \u017cyciowej w\u0119dr\u00f3wki Kome\u0144skiego. To w\u0142a\u015bnie w tym mie\u015bcie Kome\u0144ski opisa\u0142 swoje idee pedagogiczne zawarte w Didactica magna, opracowa\u0142 koncepcj\u0119 pansofii i oddawa\u0142 si\u0119 pracy o\u015bwiatowej, wprowadzaj\u0105c nowatorskie rozwi\u0105zania. Pobyt na ziemi leszczy\u0144skiej dojrza\u0142ego ju\u017c Comeniusa by\u0142 bodaj najbardziej tw\u00f3rczym okresem w jego dzia\u0142alno\u015bci \u2013 czytamy w serwisie uczelni.<\/p>\n<p>&nbsp;<\/p>\n<p>jsz<\/p>\n","protected":false},"excerpt":{"rendered":"<p>Pa\u0144stwowa Wy\u017csza Szko\u0142a Zawodowa im. Jana Amosa Kome\u0144skiego w Lesznie zaprasza do udzia\u0142u w konferencji \u201eUniwersum Kome\u0144skiego &#8211; od pansofii do globalizacji\u201d. Konferencja u\u015bwietni uroczysto\u015b\u0107 Dnia Patrona uczelni \u2013 14 maja. Organizatorzy proponuj\u0105 nast\u0119puj\u0105ce obszary wyst\u0105pie\u0144: Europejski wymiar \u017cycia i tw\u00f3rczo\u015bci Jana Amosa Kome\u0144skiego, Filozofia Jana Amosa Kome\u0144skiego, Spo\u0142ecze\u0144stwo i rodzina w koncepcjach Jana Amosa [&hellip;]<\/p>\n","protected":false},"author":6,"featured_media":0,"comment_status":"closed","ping_status":"closed","sticky":false,"template":"","format":"standard","meta":[],"categories":[22],"tags":[],"_links":{"self":[{"href":"https:\/\/www.polishscience.pl\/pl\/wp-json\/wp\/v2\/posts\/116332"}],"collection":[{"href":"https:\/\/www.polishscience.pl\/pl\/wp-json\/wp\/v2\/posts"}],"about":[{"href":"https:\/\/www.polishscience.pl\/pl\/wp-json\/wp\/v2\/types\/post"}],"author":[{"embeddable":true,"href":"https:\/\/www.polishscience.pl\/pl\/wp-json\/wp\/v2\/users\/6"}],"replies":[{"embeddable":true,"href":"https:\/\/www.polishscience.pl\/pl\/wp-json\/wp\/v2\/comments?post=116332"}],"version-history":[{"count":0,"href":"https:\/\/www.polishscience.pl\/pl\/wp-json\/wp\/v2\/posts\/116332\/revisions"}],"wp:attachment":[{"href":"https:\/\/www.polishscience.pl\/pl\/wp-json\/wp\/v2\/media?parent=116332"}],"wp:term":[{"taxonomy":"category","embeddable":true,"href":"https:\/\/www.polishscience.pl\/pl\/wp-json\/wp\/v2\/categories?post=116332"},{"taxonomy":"post_tag","embeddable":true,"href":"https:\/\/www.polishscience.pl\/pl\/wp-json\/wp\/v2\/tags?post=116332"}],"curies":[{"name":"wp","href":"https:\/\/api.w.org\/{rel}","templated":true}]}}