{"id":116326,"date":"2020-02-21T09:57:05","date_gmt":"2020-02-21T08:57:05","guid":{"rendered":"http:\/\/polishscience.pl\/?p=116326"},"modified":"2020-02-21T09:57:05","modified_gmt":"2020-02-21T08:57:05","slug":"wiceminister-nauki-w-tym-roku-budzet-na-nauke-to-31-mld-zlotych","status":"publish","type":"post","link":"https:\/\/www.polishscience.pl\/pl\/wiceminister-nauki-w-tym-roku-budzet-na-nauke-to-31-mld-zlotych\/","title":{"rendered":"Wiceminister nauki: W tym roku bud\u017cet na nauk\u0119 to 31 mld z\u0142otych"},"content":{"rendered":"<p><strong>Budujemy przysz\u0142o\u015b\u0107 pami\u0119taj\u0105c o przesz\u0142o\u015bci. Szacunek nale\u017cy si\u0119 tym, kt\u00f3rzy dawno temu dzia\u0142ali na rzecz polskiej nauki jak i tym, kt\u00f3rzy ledwo co zako\u0144czyli cz\u0119\u015b\u0107 bada\u0144 \u2013 powiedzia\u0142 w programie 3 Polskiego Radia\u00a0prof. Wojciech Maksymowicz, sekretarz stanu w Ministerstwie Nauki i Szkolnictwa Wy\u017cszego, zapowiadaj\u0105c wzrost \u015brodk\u00f3w przeznaczonych na nauk\u0119.<\/strong><\/p>\n<p>W tym roku bud\u017cet przewiduje ponad 31 mld z\u0142 i jest to wyra\u017any wzrost o 11 proc. wzgl\u0119dem zesz\u0142ego roku. To s\u0105 znacz\u0105ce \u015brodki \u2013 m\u00f3wi\u0142 go\u015b\u0107 audycji, podkre\u015blaj\u0105c bezwzgl\u0119dn\u0105 potrzeb\u0119 zaanga\u017cowania znacznych nak\u0142ad\u00f3w finansowych w badania naukowe, szczeg\u00f3lnie te w zakresie nauk przyrodniczych i medycznych, co podyktowane jest nieustannym post\u0119pem technologicznym.<\/p>\n<p>Profesor Maksymowicz zwr\u00f3ci\u0142 tak\u017ce uwag\u0119 na konieczno\u015b\u0107 zapewnienia naukowcom nieskr\u0119powanych warunk\u00f3w pracy.<\/p>\n<p>Nauka musi si\u0119 rozwija\u0107 w spos\u00f3b nieskr\u0119powany, nie poddaj\u0105c si\u0119 \u017cadnym zewn\u0119trznym ocenom, tak aby mog\u0142a zmierza\u0107 ku prawdzie \u2013 doda\u0142.<\/p>\n<p>jp<\/p>\n","protected":false},"excerpt":{"rendered":"<p>Budujemy przysz\u0142o\u015b\u0107 pami\u0119taj\u0105c o przesz\u0142o\u015bci. Szacunek nale\u017cy si\u0119 tym, kt\u00f3rzy dawno temu dzia\u0142ali na rzecz polskiej nauki jak i tym, kt\u00f3rzy ledwo co zako\u0144czyli cz\u0119\u015b\u0107 bada\u0144 \u2013 powiedzia\u0142 w programie 3 Polskiego Radia\u00a0prof. Wojciech Maksymowicz, sekretarz stanu w Ministerstwie Nauki i Szkolnictwa Wy\u017cszego, zapowiadaj\u0105c wzrost \u015brodk\u00f3w przeznaczonych na nauk\u0119. W tym roku bud\u017cet przewiduje ponad [&hellip;]<\/p>\n","protected":false},"author":6,"featured_media":0,"comment_status":"closed","ping_status":"closed","sticky":false,"template":"","format":"standard","meta":[],"categories":[21],"tags":[],"_links":{"self":[{"href":"https:\/\/www.polishscience.pl\/pl\/wp-json\/wp\/v2\/posts\/116326"}],"collection":[{"href":"https:\/\/www.polishscience.pl\/pl\/wp-json\/wp\/v2\/posts"}],"about":[{"href":"https:\/\/www.polishscience.pl\/pl\/wp-json\/wp\/v2\/types\/post"}],"author":[{"embeddable":true,"href":"https:\/\/www.polishscience.pl\/pl\/wp-json\/wp\/v2\/users\/6"}],"replies":[{"embeddable":true,"href":"https:\/\/www.polishscience.pl\/pl\/wp-json\/wp\/v2\/comments?post=116326"}],"version-history":[{"count":0,"href":"https:\/\/www.polishscience.pl\/pl\/wp-json\/wp\/v2\/posts\/116326\/revisions"}],"wp:attachment":[{"href":"https:\/\/www.polishscience.pl\/pl\/wp-json\/wp\/v2\/media?parent=116326"}],"wp:term":[{"taxonomy":"category","embeddable":true,"href":"https:\/\/www.polishscience.pl\/pl\/wp-json\/wp\/v2\/categories?post=116326"},{"taxonomy":"post_tag","embeddable":true,"href":"https:\/\/www.polishscience.pl\/pl\/wp-json\/wp\/v2\/tags?post=116326"}],"curies":[{"name":"wp","href":"https:\/\/api.w.org\/{rel}","templated":true}]}}