{"id":116137,"date":"2020-02-20T12:51:13","date_gmt":"2020-02-20T11:51:13","guid":{"rendered":"http:\/\/polishscience.pl\/?p=116137"},"modified":"2020-02-20T12:51:13","modified_gmt":"2020-02-20T11:51:13","slug":"laureaci-nagrody-im-ksiedza-stanislawa-musiala","status":"publish","type":"post","link":"https:\/\/www.polishscience.pl\/pl\/laureaci-nagrody-im-ksiedza-stanislawa-musiala\/","title":{"rendered":"Laureaci Nagrody im. ksi\u0119dza Stanis\u0142awa Musia\u0142a"},"content":{"rendered":"<p><strong>Nagrod\u0119 im. ksi\u0119dza Stanis\u0142awa Musia\u0142a, przyznawan\u0105 osobom zas\u0142u\u017conym dla dialogu chrze\u015bcija\u0144sko i polsko-\u017cydowskiego odbior\u0105 6 marca prof. Jan Grosfeld, politolog z Uniwersytetu Kardyna\u0142a Stefana Wyszy\u0144skiego w Warszawie oraz Dariusz Popiela &#8211; kajakarz, tw\u00f3rca projektu &#8222;Ludzie, nie liczby&#8221;.<\/strong><\/p>\n<p>Ustanowiona przez Klub Chrze\u015bcijan i \u017byd\u00f3w &#8222;Przymierze&#8221; Nagroda,\u00a0 kt\u00f3rej fundatorami s\u0105 rektor Uniwersytetu Jagiello\u0144skiego w Krakowie, prezydent miasta Krakowa oraz Gmina Wyznaniowa \u017bydowska w Krakowie, przyznawana jest w dw\u00f3ch kategoriach.<\/p>\n<p>Prof. Jan Grosfeld zosta\u0142 uhonorowany za tw\u00f3rczo\u015b\u0107 promuj\u0105c\u0105 ducha dialogu i wsp\u00f3\u0142pracy chrze\u015bcija\u0144sko-\u017cydowskiej i polsko-\u017cydowskiej. Z kolei Dariusz Popiela Nagrod\u0119 odbierze za podejmowanie inicjatyw spo\u0142ecznych na rzecz pojednania.<\/p>\n<p>jp<\/p>\n","protected":false},"excerpt":{"rendered":"<p>Nagrod\u0119 im. ksi\u0119dza Stanis\u0142awa Musia\u0142a, przyznawan\u0105 osobom zas\u0142u\u017conym dla dialogu chrze\u015bcija\u0144sko i polsko-\u017cydowskiego odbior\u0105 6 marca prof. Jan Grosfeld, politolog z Uniwersytetu Kardyna\u0142a Stefana Wyszy\u0144skiego w Warszawie oraz Dariusz Popiela &#8211; kajakarz, tw\u00f3rca projektu &#8222;Ludzie, nie liczby&#8221;. Ustanowiona przez Klub Chrze\u015bcijan i \u017byd\u00f3w &#8222;Przymierze&#8221; Nagroda,\u00a0 kt\u00f3rej fundatorami s\u0105 rektor Uniwersytetu Jagiello\u0144skiego w Krakowie, prezydent miasta [&hellip;]<\/p>\n","protected":false},"author":6,"featured_media":0,"comment_status":"closed","ping_status":"closed","sticky":false,"template":"","format":"standard","meta":[],"categories":[22],"tags":[],"_links":{"self":[{"href":"https:\/\/www.polishscience.pl\/pl\/wp-json\/wp\/v2\/posts\/116137"}],"collection":[{"href":"https:\/\/www.polishscience.pl\/pl\/wp-json\/wp\/v2\/posts"}],"about":[{"href":"https:\/\/www.polishscience.pl\/pl\/wp-json\/wp\/v2\/types\/post"}],"author":[{"embeddable":true,"href":"https:\/\/www.polishscience.pl\/pl\/wp-json\/wp\/v2\/users\/6"}],"replies":[{"embeddable":true,"href":"https:\/\/www.polishscience.pl\/pl\/wp-json\/wp\/v2\/comments?post=116137"}],"version-history":[{"count":0,"href":"https:\/\/www.polishscience.pl\/pl\/wp-json\/wp\/v2\/posts\/116137\/revisions"}],"wp:attachment":[{"href":"https:\/\/www.polishscience.pl\/pl\/wp-json\/wp\/v2\/media?parent=116137"}],"wp:term":[{"taxonomy":"category","embeddable":true,"href":"https:\/\/www.polishscience.pl\/pl\/wp-json\/wp\/v2\/categories?post=116137"},{"taxonomy":"post_tag","embeddable":true,"href":"https:\/\/www.polishscience.pl\/pl\/wp-json\/wp\/v2\/tags?post=116137"}],"curies":[{"name":"wp","href":"https:\/\/api.w.org\/{rel}","templated":true}]}}