{"id":116136,"date":"2020-02-20T12:50:53","date_gmt":"2020-02-20T11:50:53","guid":{"rendered":"http:\/\/polishscience.pl\/?p=116136"},"modified":"2020-02-20T12:50:53","modified_gmt":"2020-02-20T11:50:53","slug":"w-kwietniu-nadzwyczajny-zjazd-fizykow-polskich-na-100-lecie-polskiego-towarzystwa-fizycznego","status":"publish","type":"post","link":"https:\/\/www.polishscience.pl\/pl\/w-kwietniu-nadzwyczajny-zjazd-fizykow-polskich-na-100-lecie-polskiego-towarzystwa-fizycznego\/","title":{"rendered":"W kwietniu Nadzwyczajny Zjazd Fizyk\u00f3w Polskich na 100-lecie Polskiego Towarzystwa Fizycznego"},"content":{"rendered":"<p><strong>W dniach 24-26 kwietnia 2020 roku w Warszawie odb\u0119dzie si\u0119 Nadzwyczajny Zjazd Fizyk\u00f3w Polskich, z okazji 100-lecia Polskiego Towarzystwa Fizycznego (PTF). Zjazd zosta\u0142 obj\u0119ty patronatem wicepremiera, ministra nauki i szkolnictwa wy\u017cszego Jaros\u0142awa Gowina.<\/strong><\/p>\n<p>Celem Zjazdu, jest pokazanie osi\u0105gni\u0119\u0107 polskiej fizyki oraz jej znaczenia dla rozwoju Polski na przestrzeni 100 lat istnienia PTF.<\/p>\n<p>Zjazd potrwa trzy dni. Pierwszy z nich, po\u015bwi\u0119cony zostanie historycznemu uj\u0119ciu minionego wieku fizyki w Polsce, odb\u0119dzie si\u0119 w historycznym Gmachu Fizyki Politechniki Warszawskiej \u2013 miejscu za\u0142o\u017cenia Polskiego Towarzystwa Fizycznego.<\/p>\n<p>Drugi dzie\u0144 Zjazdu po\u015bwi\u0119cony zostanie wsp\u00f3\u0142czesno\u015bci. Fizycy przenios\u0105 si\u0119 do nowoczesnego Gmachu Wydzia\u0142u Fizyki Uniwersytetu Warszawskiego. Tam autorzy najbardziej spektakularnych osi\u0105gni\u0119\u0107 fizyki w Polsce, a jednocze\u015bnie wybitni popularyzatorzy nauki opowiedz\u0105 w przyst\u0119pny spos\u00f3b o badaniach swoich i swoich koleg\u00f3w.<\/p>\n<p>Trzeci dzie\u0144 zjazdu b\u0119dzie \u015bwi\u0119tem nauczycieli. Wybitni polscy dydaktycy om\u00f3wi\u0105 histori\u0119 nauczania fizyki.<\/p>\n<p>jp<\/p>\n","protected":false},"excerpt":{"rendered":"<p>W dniach 24-26 kwietnia 2020 roku w Warszawie odb\u0119dzie si\u0119 Nadzwyczajny Zjazd Fizyk\u00f3w Polskich, z okazji 100-lecia Polskiego Towarzystwa Fizycznego (PTF). Zjazd zosta\u0142 obj\u0119ty patronatem wicepremiera, ministra nauki i szkolnictwa wy\u017cszego Jaros\u0142awa Gowina. Celem Zjazdu, jest pokazanie osi\u0105gni\u0119\u0107 polskiej fizyki oraz jej znaczenia dla rozwoju Polski na przestrzeni 100 lat istnienia PTF. Zjazd potrwa trzy [&hellip;]<\/p>\n","protected":false},"author":6,"featured_media":0,"comment_status":"closed","ping_status":"closed","sticky":false,"template":"","format":"standard","meta":[],"categories":[22],"tags":[],"_links":{"self":[{"href":"https:\/\/www.polishscience.pl\/pl\/wp-json\/wp\/v2\/posts\/116136"}],"collection":[{"href":"https:\/\/www.polishscience.pl\/pl\/wp-json\/wp\/v2\/posts"}],"about":[{"href":"https:\/\/www.polishscience.pl\/pl\/wp-json\/wp\/v2\/types\/post"}],"author":[{"embeddable":true,"href":"https:\/\/www.polishscience.pl\/pl\/wp-json\/wp\/v2\/users\/6"}],"replies":[{"embeddable":true,"href":"https:\/\/www.polishscience.pl\/pl\/wp-json\/wp\/v2\/comments?post=116136"}],"version-history":[{"count":0,"href":"https:\/\/www.polishscience.pl\/pl\/wp-json\/wp\/v2\/posts\/116136\/revisions"}],"wp:attachment":[{"href":"https:\/\/www.polishscience.pl\/pl\/wp-json\/wp\/v2\/media?parent=116136"}],"wp:term":[{"taxonomy":"category","embeddable":true,"href":"https:\/\/www.polishscience.pl\/pl\/wp-json\/wp\/v2\/categories?post=116136"},{"taxonomy":"post_tag","embeddable":true,"href":"https:\/\/www.polishscience.pl\/pl\/wp-json\/wp\/v2\/tags?post=116136"}],"curies":[{"name":"wp","href":"https:\/\/api.w.org\/{rel}","templated":true}]}}