{"id":116135,"date":"2020-02-20T12:50:19","date_gmt":"2020-02-20T11:50:19","guid":{"rendered":"http:\/\/polishscience.pl\/?p=116135"},"modified":"2020-02-20T12:50:19","modified_gmt":"2020-02-20T11:50:19","slug":"xi-dzien-historyka-na-uniwersytecie-marii-curie-sklodowskiej-w-lublinie","status":"publish","type":"post","link":"https:\/\/www.polishscience.pl\/pl\/xi-dzien-historyka-na-uniwersytecie-marii-curie-sklodowskiej-w-lublinie\/","title":{"rendered":"XI Dzie\u0144 Historyka na Uniwersytecie Marii Curie-Sk\u0142odowskiej w Lublinie"},"content":{"rendered":"<p><strong>XI Dzie\u0144 Historyka organizowany przez Instytut Historii Uniwersytetu Marii Curie-Sk\u0142odowskiej (UMCS) w Lublinie odb\u0119dzie si\u0119 w pi\u0105tek 21 lutego w godzinach 10.00-13.30 na Wydziale Humanistycznym UMCS. W tym roku has\u0142o przewodnie wydarzenia to: \u201eS\u0142awianie, my lubimy sielanki &#8211; czas wolny Polak\u00f3w\u201d.<\/strong><\/p>\n<p>Sw\u00f3j udzia\u0142 w XI Dniu Historyka zapowiedzia\u0142o 14 lice\u00f3w og\u00f3lnokszta\u0142c\u0105cych z ca\u0142ego regionu. Uczestnicy b\u0119d\u0105 mieli okazj\u0119 wzi\u0105\u0107 udzia\u0142 w o\u015bmiu warsztatach i sze\u015bciu wyst\u0105pieniach plenarnych o tematyce historycznej.<\/p>\n<p>Zainteresowani b\u0119d\u0105 tak\u017ce mogli wys\u0142ucha\u0107 prelekcji po\u015bwi\u0119conych zagadnieniom czasu wolnego w dawnej Polsce, kt\u00f3re odb\u0119d\u0105 si\u0119 w Auli Du\u017cej Wydzia\u0142u Humanistycznego.<\/p>\n<p>Podczas wydarzenia zostan\u0105 poruszone takie zagadnienia jak m.in.: historia w grach komputerowych, piosenka estradowa okresu PRL jako \u017ar\u00f3d\u0142o historyczne, karykatura okresu stalinowskiego jako narz\u0119dzie propagandy czy \u017cycie codzienne w Lublinie w czasie II wojny \u015bwiatowej.<\/p>\n<p>jp<\/p>\n","protected":false},"excerpt":{"rendered":"<p>XI Dzie\u0144 Historyka organizowany przez Instytut Historii Uniwersytetu Marii Curie-Sk\u0142odowskiej (UMCS) w Lublinie odb\u0119dzie si\u0119 w pi\u0105tek 21 lutego w godzinach 10.00-13.30 na Wydziale Humanistycznym UMCS. W tym roku has\u0142o przewodnie wydarzenia to: \u201eS\u0142awianie, my lubimy sielanki &#8211; czas wolny Polak\u00f3w\u201d. Sw\u00f3j udzia\u0142 w XI Dniu Historyka zapowiedzia\u0142o 14 lice\u00f3w og\u00f3lnokszta\u0142c\u0105cych z ca\u0142ego regionu. Uczestnicy [&hellip;]<\/p>\n","protected":false},"author":6,"featured_media":0,"comment_status":"closed","ping_status":"closed","sticky":false,"template":"","format":"standard","meta":[],"categories":[17,22],"tags":[],"_links":{"self":[{"href":"https:\/\/www.polishscience.pl\/pl\/wp-json\/wp\/v2\/posts\/116135"}],"collection":[{"href":"https:\/\/www.polishscience.pl\/pl\/wp-json\/wp\/v2\/posts"}],"about":[{"href":"https:\/\/www.polishscience.pl\/pl\/wp-json\/wp\/v2\/types\/post"}],"author":[{"embeddable":true,"href":"https:\/\/www.polishscience.pl\/pl\/wp-json\/wp\/v2\/users\/6"}],"replies":[{"embeddable":true,"href":"https:\/\/www.polishscience.pl\/pl\/wp-json\/wp\/v2\/comments?post=116135"}],"version-history":[{"count":0,"href":"https:\/\/www.polishscience.pl\/pl\/wp-json\/wp\/v2\/posts\/116135\/revisions"}],"wp:attachment":[{"href":"https:\/\/www.polishscience.pl\/pl\/wp-json\/wp\/v2\/media?parent=116135"}],"wp:term":[{"taxonomy":"category","embeddable":true,"href":"https:\/\/www.polishscience.pl\/pl\/wp-json\/wp\/v2\/categories?post=116135"},{"taxonomy":"post_tag","embeddable":true,"href":"https:\/\/www.polishscience.pl\/pl\/wp-json\/wp\/v2\/tags?post=116135"}],"curies":[{"name":"wp","href":"https:\/\/api.w.org\/{rel}","templated":true}]}}