{"id":115511,"date":"2020-02-17T09:36:48","date_gmt":"2020-02-17T08:36:48","guid":{"rendered":"http:\/\/polishscience.pl\/?p=115511"},"modified":"2020-02-17T09:36:48","modified_gmt":"2020-02-17T08:36:48","slug":"trwa-nabor-do-akademii-ziem-zachodnich-i-polnocnych","status":"publish","type":"post","link":"https:\/\/www.polishscience.pl\/pl\/trwa-nabor-do-akademii-ziem-zachodnich-i-polnocnych\/","title":{"rendered":"Trwa nab\u00f3r do Akademii Ziem Zachodnich i P\u00f3\u0142nocnych"},"content":{"rendered":"<p><strong>Sie\u0107 Ziem Zachodnich i P\u00f3\u0142nocnych og\u0142asza nab\u00f3r do udzia\u0142u w I edycji Akademii Ziem Zachodnich i P\u00f3\u0142nocnych, kt\u00f3ra odb\u0119dzie si\u0119 pod has\u0142em: Ziemie Zachodnie i P\u00f3\u0142nocne \u2013 region czy regiony? Zg\u0142oszenia mo\u017cna przysy\u0142a\u0107 do 28 lutego \u2013 czytamy na stronie Uniwersytetu Wroc\u0142awskiego.<\/strong><\/p>\n<p>Celem Akademii jest rozw\u00f3j poznawczy w duchu interdyscyplinarnym i pog\u0142\u0119bienie wiedzy badaczy z polskich o\u015brodk\u00f3w naukowych, kt\u00f3rzy przygotowuj\u0105 prace magisterskie, dysertacje doktorskie lub inne opracowania na temat Ziem Zachodnich i P\u00f3\u0142nocnych poprzez zbudowanie przestrzeni do dyskusji seminaryjnych na temat realizowanych przez nich bada\u0144, umo\u017cliwienie im por\u00f3wnania wynik\u00f3w oraz rozwini\u0119cie umiej\u0119tno\u015bci warsztatowych zwi\u0105zanych z zagadnieniami metodologicznymi i \u017ar\u00f3d\u0142owymi.<\/p>\n<p>Do udzia\u0142u w Akademii zaproszeni s\u0105 badacze z Polski, kt\u00f3rzy aktualnie prowadz\u0105 badania naukowe w obszarze humanistyki na temat przesz\u0142o\u015bci i wsp\u00f3\u0142czesno\u015bci teren\u00f3w, kt\u00f3re zosta\u0142y w\u0142\u0105czone do pa\u0144stwa polskiego w wyniku II wojny \u015bwiatowej.<\/p>\n<p>Wi\u0119cej: <a href=\"https:\/\/uni.wroc.pl\/trwa-nabor-do-akademii-ziem-zachodnich-i-polnocnych\/\">https:\/\/uni.wroc.pl\/trwa-nabor-do-akademii-ziem-zachodnich-i-polnocnych\/<\/a><\/p>\n<p>&nbsp;<\/p>\n<p>jsz<\/p>\n","protected":false},"excerpt":{"rendered":"<p>Sie\u0107 Ziem Zachodnich i P\u00f3\u0142nocnych og\u0142asza nab\u00f3r do udzia\u0142u w I edycji Akademii Ziem Zachodnich i P\u00f3\u0142nocnych, kt\u00f3ra odb\u0119dzie si\u0119 pod has\u0142em: Ziemie Zachodnie i P\u00f3\u0142nocne \u2013 region czy regiony? Zg\u0142oszenia mo\u017cna przysy\u0142a\u0107 do 28 lutego \u2013 czytamy na stronie Uniwersytetu Wroc\u0142awskiego. Celem Akademii jest rozw\u00f3j poznawczy w duchu interdyscyplinarnym i pog\u0142\u0119bienie wiedzy badaczy z [&hellip;]<\/p>\n","protected":false},"author":6,"featured_media":0,"comment_status":"closed","ping_status":"closed","sticky":false,"template":"","format":"standard","meta":[],"categories":[16,21],"tags":[],"_links":{"self":[{"href":"https:\/\/www.polishscience.pl\/pl\/wp-json\/wp\/v2\/posts\/115511"}],"collection":[{"href":"https:\/\/www.polishscience.pl\/pl\/wp-json\/wp\/v2\/posts"}],"about":[{"href":"https:\/\/www.polishscience.pl\/pl\/wp-json\/wp\/v2\/types\/post"}],"author":[{"embeddable":true,"href":"https:\/\/www.polishscience.pl\/pl\/wp-json\/wp\/v2\/users\/6"}],"replies":[{"embeddable":true,"href":"https:\/\/www.polishscience.pl\/pl\/wp-json\/wp\/v2\/comments?post=115511"}],"version-history":[{"count":0,"href":"https:\/\/www.polishscience.pl\/pl\/wp-json\/wp\/v2\/posts\/115511\/revisions"}],"wp:attachment":[{"href":"https:\/\/www.polishscience.pl\/pl\/wp-json\/wp\/v2\/media?parent=115511"}],"wp:term":[{"taxonomy":"category","embeddable":true,"href":"https:\/\/www.polishscience.pl\/pl\/wp-json\/wp\/v2\/categories?post=115511"},{"taxonomy":"post_tag","embeddable":true,"href":"https:\/\/www.polishscience.pl\/pl\/wp-json\/wp\/v2\/tags?post=115511"}],"curies":[{"name":"wp","href":"https:\/\/api.w.org\/{rel}","templated":true}]}}