{"id":115509,"date":"2020-02-17T09:36:17","date_gmt":"2020-02-17T08:36:17","guid":{"rendered":"http:\/\/polishscience.pl\/?p=115509"},"modified":"2020-02-17T09:36:17","modified_gmt":"2020-02-17T08:36:17","slug":"w-lublinie-konferencja-terroryzm-zagrozenia-prewencja-perspektywy","status":"publish","type":"post","link":"https:\/\/www.polishscience.pl\/pl\/w-lublinie-konferencja-terroryzm-zagrozenia-prewencja-perspektywy\/","title":{"rendered":"W Lublinie konferencja \u201eTerroryzm \u2013 zagro\u017cenia, prewencja, perspektywy\u201d"},"content":{"rendered":"<p><strong>Fundacja na rzecz promocji nauki i rozwoju TYGIEL organizuje IV Og\u00f3lnopolsk\u0105 Konferencj\u0119 Naukow\u0105 \u201eTerroryzm \u2013 zagro\u017cenia, prewencja, perspektywy\u201d, kt\u00f3ra odb\u0119dzie si\u0119 w Lublinie w dniu 21 lutego 2020 roku.<\/strong><\/p>\n<p>Celem wydarzenia jest wymiana wiedzy, do\u015bwiadcze\u0144, a przede wszystkim kompleksowa, naukowa dyskusja dotycz\u0105ca problemu terroryzmu na wielu p\u0142aszczyznach. Jak informuj\u0105 organizatorzy \u201erefleksj\u0105 obj\u0119te zostan\u0105 nie tylko wsp\u00f3\u0142czesne formy terroryzmu, ale tak\u017ce jego aspekty historyczne oraz perspektywy na przysz\u0142o\u015b\u0107\u201d. Fundacja TYGIEL podkre\u015bla, \u017ce w trakcie konferencji poza teoretycznymi rozwa\u017caniami o samym zjawisku terroryzmu, uczestnicy b\u0119d\u0105 mogli pozna\u0107 praktyczne rozwi\u0105zania prewencyjne oraz takie, kt\u00f3re maj\u0105 na celu niwelowanie skutk\u00f3w atak\u00f3w.<\/p>\n<p>Zjawisko terroryzmu obejmuje wi\u0119kszo\u015b\u0107 dziedzin nauki. Zwi\u0105zane jest to z jego wszechobecnym oddzia\u0142ywaniem dotykaj\u0105cym wszystkich obywateli, a tak\u017ce wykorzystaniem narz\u0119dzi z zakresu psychologii, polityki, socjologii, biologii, chemii i technologii informacyjnej.<\/p>\n<p>jp<\/p>\n","protected":false},"excerpt":{"rendered":"<p>Fundacja na rzecz promocji nauki i rozwoju TYGIEL organizuje IV Og\u00f3lnopolsk\u0105 Konferencj\u0119 Naukow\u0105 \u201eTerroryzm \u2013 zagro\u017cenia, prewencja, perspektywy\u201d, kt\u00f3ra odb\u0119dzie si\u0119 w Lublinie w dniu 21 lutego 2020 roku. Celem wydarzenia jest wymiana wiedzy, do\u015bwiadcze\u0144, a przede wszystkim kompleksowa, naukowa dyskusja dotycz\u0105ca problemu terroryzmu na wielu p\u0142aszczyznach. Jak informuj\u0105 organizatorzy \u201erefleksj\u0105 obj\u0119te zostan\u0105 nie tylko [&hellip;]<\/p>\n","protected":false},"author":6,"featured_media":0,"comment_status":"closed","ping_status":"closed","sticky":false,"template":"","format":"standard","meta":[],"categories":[22],"tags":[],"_links":{"self":[{"href":"https:\/\/www.polishscience.pl\/pl\/wp-json\/wp\/v2\/posts\/115509"}],"collection":[{"href":"https:\/\/www.polishscience.pl\/pl\/wp-json\/wp\/v2\/posts"}],"about":[{"href":"https:\/\/www.polishscience.pl\/pl\/wp-json\/wp\/v2\/types\/post"}],"author":[{"embeddable":true,"href":"https:\/\/www.polishscience.pl\/pl\/wp-json\/wp\/v2\/users\/6"}],"replies":[{"embeddable":true,"href":"https:\/\/www.polishscience.pl\/pl\/wp-json\/wp\/v2\/comments?post=115509"}],"version-history":[{"count":0,"href":"https:\/\/www.polishscience.pl\/pl\/wp-json\/wp\/v2\/posts\/115509\/revisions"}],"wp:attachment":[{"href":"https:\/\/www.polishscience.pl\/pl\/wp-json\/wp\/v2\/media?parent=115509"}],"wp:term":[{"taxonomy":"category","embeddable":true,"href":"https:\/\/www.polishscience.pl\/pl\/wp-json\/wp\/v2\/categories?post=115509"},{"taxonomy":"post_tag","embeddable":true,"href":"https:\/\/www.polishscience.pl\/pl\/wp-json\/wp\/v2\/tags?post=115509"}],"curies":[{"name":"wp","href":"https:\/\/api.w.org\/{rel}","templated":true}]}}