{"id":114822,"date":"2020-02-12T11:35:10","date_gmt":"2020-02-12T10:35:10","guid":{"rendered":"http:\/\/polishscience.pl\/?p=114822"},"modified":"2020-02-12T13:47:52","modified_gmt":"2020-02-12T12:47:52","slug":"ii-poznanskie-mikrosympozjum-grafenowe-w-wielkopolskim-centrum-zaawansowanych-technologii","status":"publish","type":"post","link":"https:\/\/www.polishscience.pl\/pl\/ii-poznanskie-mikrosympozjum-grafenowe-w-wielkopolskim-centrum-zaawansowanych-technologii\/","title":{"rendered":"II Pozna\u0144skie Mikrosympozjum Grafenowe w Wielkopolskim Centrum Zaawansowanych Technologii"},"content":{"rendered":"<p><strong>Wielkopolskie Centrum Zaawansowanych Technologii zaprasza 27 marca na II Pozna\u0144skie Mikrosympozjum Grafenowe.\u00a0 Za organizacj\u0119 merytoryczn\u0105 wydarzenia odpowiada Zak\u0142ad Fizyki Chemicznej, wydzia\u0142u chemii Uniwersytetu im. Adama Mickiewicza w Poznaniu \u2013 czytamy w serwisie Centrum.<\/strong><\/p>\n<p>Celem konferencji jest prezentacja wynik\u00f3w i wymiana do\u015bwiadcze\u0144 oraz konsolidacja pozna\u0144skiego \u015brodowiska naukowego zajmuj\u0105cego si\u0119 grafenem i innymi materia\u0142ami 2D. Wydarzenie adresowane jest do szerokiego grona os\u00f3b zajmuj\u0105cych si\u0119 grafenem i materia\u0142ami 2D oraz ich wykorzystaniem w r\u00f3\u017cnych dziedzinach nauki: chemii, fizyce, nauki o materia\u0142ach, medycynie.<\/p>\n<p>Najwa\u017cniejsze obszary tematyczne sympozjum to synteza i charakterystyka grafenu i nowych materia\u0142\u00f3w 2D, nanokompozyty bazuj\u0105ce na grafenie i materia\u0142ach 2D, biofunkcjonalizacja grafenu, modelowanie grafenu i struktur 2D i zastosowania &#8211; np. w fotokatalizie, energetyce, biomedycynie.<\/p>\n<p>&nbsp;<\/p>\n<p>jsz<\/p>\n","protected":false},"excerpt":{"rendered":"<p>Wielkopolskie Centrum Zaawansowanych Technologii zaprasza 27 marca na II Pozna\u0144skie Mikrosympozjum Grafenowe.\u00a0 Za organizacj\u0119 merytoryczn\u0105 wydarzenia odpowiada Zak\u0142ad Fizyki Chemicznej, wydzia\u0142u chemii Uniwersytetu im. Adama Mickiewicza w Poznaniu \u2013 czytamy w serwisie Centrum. Celem konferencji jest prezentacja wynik\u00f3w i wymiana do\u015bwiadcze\u0144 oraz konsolidacja pozna\u0144skiego \u015brodowiska naukowego zajmuj\u0105cego si\u0119 grafenem i innymi materia\u0142ami 2D. Wydarzenie adresowane [&hellip;]<\/p>\n","protected":false},"author":6,"featured_media":0,"comment_status":"closed","ping_status":"closed","sticky":false,"template":"","format":"standard","meta":[],"categories":[19,22],"tags":[],"_links":{"self":[{"href":"https:\/\/www.polishscience.pl\/pl\/wp-json\/wp\/v2\/posts\/114822"}],"collection":[{"href":"https:\/\/www.polishscience.pl\/pl\/wp-json\/wp\/v2\/posts"}],"about":[{"href":"https:\/\/www.polishscience.pl\/pl\/wp-json\/wp\/v2\/types\/post"}],"author":[{"embeddable":true,"href":"https:\/\/www.polishscience.pl\/pl\/wp-json\/wp\/v2\/users\/6"}],"replies":[{"embeddable":true,"href":"https:\/\/www.polishscience.pl\/pl\/wp-json\/wp\/v2\/comments?post=114822"}],"version-history":[{"count":0,"href":"https:\/\/www.polishscience.pl\/pl\/wp-json\/wp\/v2\/posts\/114822\/revisions"}],"wp:attachment":[{"href":"https:\/\/www.polishscience.pl\/pl\/wp-json\/wp\/v2\/media?parent=114822"}],"wp:term":[{"taxonomy":"category","embeddable":true,"href":"https:\/\/www.polishscience.pl\/pl\/wp-json\/wp\/v2\/categories?post=114822"},{"taxonomy":"post_tag","embeddable":true,"href":"https:\/\/www.polishscience.pl\/pl\/wp-json\/wp\/v2\/tags?post=114822"}],"curies":[{"name":"wp","href":"https:\/\/api.w.org\/{rel}","templated":true}]}}