{"id":114818,"date":"2020-02-12T09:35:25","date_gmt":"2020-02-12T08:35:25","guid":{"rendered":"http:\/\/polishscience.pl\/?p=114818"},"modified":"2020-02-12T09:35:25","modified_gmt":"2020-02-12T08:35:25","slug":"szkola-zimowa-memory-in-conflict-na-uniwersytecie-warszawskim","status":"publish","type":"post","link":"https:\/\/www.polishscience.pl\/pl\/szkola-zimowa-memory-in-conflict-na-uniwersytecie-warszawskim\/","title":{"rendered":"Szko\u0142a zimowa \u201eMemory in conflict\u201d na Uniwersytecie Warszawskim"},"content":{"rendered":"<p><strong>Na Uniwersytecie Warszawskim (UW) rozpocz\u0119\u0142a si\u0119 szko\u0142a zimowa \u201eMemory in conflict\u201d po\u015bwi\u0119cona z\u0142o\u017cono\u015bci pami\u0119ci europejskich. Bierze w niej udzia\u0142 28 student\u00f3w i doktorant\u00f3w, g\u0142\u00f3wnie z uczelni Sojuszu 4EU+.\u00a0<\/strong><\/p>\n<p>Wydarzenie organizowane jest w ramach drugiego programu flagowego \u201eEuropa w zmieniaj\u0105cym si\u0119 \u015bwiecie: zrozumienie spo\u0142ecze\u0144stw, gospodarek, kultur i j\u0119zyk\u00f3w\u201d.<\/p>\n<p>Jak informuje UW, tematem szko\u0142y zimowej jest pami\u0119\u0107 zbiorowa o konfliktach oraz skonfliktowane pami\u0119ci powsta\u0142e podczas wzajemnych do\u015bwiadcze\u0144. Uczestnicz\u0105 w niej doktoranci i studenci z uczelni Sojuszu 4EU+: Uniwersytetu Warszawskiego, Uniwersytetu Karola w Pradze, Uniwersytetu w Heidelbergu, Uniwersytetu w Kopenhadze, Uniwersytetu Sorbo\u0144skiego. S\u0105 oni reprezentantami r\u00f3\u017cnych dyscyplin naukowych: psychologii, socjologii, antropologii, historii, literatury, nauk politycznych czy kulturoznawstwa.<\/p>\n<p>jp<\/p>\n","protected":false},"excerpt":{"rendered":"<p>Na Uniwersytecie Warszawskim (UW) rozpocz\u0119\u0142a si\u0119 szko\u0142a zimowa \u201eMemory in conflict\u201d po\u015bwi\u0119cona z\u0142o\u017cono\u015bci pami\u0119ci europejskich. Bierze w niej udzia\u0142 28 student\u00f3w i doktorant\u00f3w, g\u0142\u00f3wnie z uczelni Sojuszu 4EU+.\u00a0 Wydarzenie organizowane jest w ramach drugiego programu flagowego \u201eEuropa w zmieniaj\u0105cym si\u0119 \u015bwiecie: zrozumienie spo\u0142ecze\u0144stw, gospodarek, kultur i j\u0119zyk\u00f3w\u201d. Jak informuje UW, tematem szko\u0142y zimowej jest pami\u0119\u0107 [&hellip;]<\/p>\n","protected":false},"author":6,"featured_media":0,"comment_status":"closed","ping_status":"closed","sticky":false,"template":"","format":"standard","meta":[],"categories":[21,22],"tags":[],"_links":{"self":[{"href":"https:\/\/www.polishscience.pl\/pl\/wp-json\/wp\/v2\/posts\/114818"}],"collection":[{"href":"https:\/\/www.polishscience.pl\/pl\/wp-json\/wp\/v2\/posts"}],"about":[{"href":"https:\/\/www.polishscience.pl\/pl\/wp-json\/wp\/v2\/types\/post"}],"author":[{"embeddable":true,"href":"https:\/\/www.polishscience.pl\/pl\/wp-json\/wp\/v2\/users\/6"}],"replies":[{"embeddable":true,"href":"https:\/\/www.polishscience.pl\/pl\/wp-json\/wp\/v2\/comments?post=114818"}],"version-history":[{"count":0,"href":"https:\/\/www.polishscience.pl\/pl\/wp-json\/wp\/v2\/posts\/114818\/revisions"}],"wp:attachment":[{"href":"https:\/\/www.polishscience.pl\/pl\/wp-json\/wp\/v2\/media?parent=114818"}],"wp:term":[{"taxonomy":"category","embeddable":true,"href":"https:\/\/www.polishscience.pl\/pl\/wp-json\/wp\/v2\/categories?post=114818"},{"taxonomy":"post_tag","embeddable":true,"href":"https:\/\/www.polishscience.pl\/pl\/wp-json\/wp\/v2\/tags?post=114818"}],"curies":[{"name":"wp","href":"https:\/\/api.w.org\/{rel}","templated":true}]}}