{"id":114638,"date":"2020-02-11T11:43:21","date_gmt":"2020-02-11T10:43:21","guid":{"rendered":"http:\/\/polishscience.pl\/?p=114638"},"modified":"2020-02-11T12:13:17","modified_gmt":"2020-02-11T11:13:17","slug":"naukowcy-z-politechniki-lodzkiej-otrzymali-nagrode-ministra-rozwoju","status":"publish","type":"post","link":"https:\/\/www.polishscience.pl\/pl\/naukowcy-z-politechniki-lodzkiej-otrzymali-nagrode-ministra-rozwoju\/","title":{"rendered":"Naukowcy z Politechniki \u0141\u00f3dzkiej otrzymali Nagrod\u0119 Ministra Rozwoju"},"content":{"rendered":"<p><strong>Pracownicy Instytutu Architektury i Urbanistyki, Wydzia\u0142u Budownictwa, Architektury i In\u017cynierii \u015arodowiska Politechniki \u0141\u00f3dzkiej: dr in\u017c. arch. Aneta Tomczak, dr in\u017c. arch.\u00a0Robert Warsza oraz mgr in\u017c. arch. Andrzej Makowski,\u00a0doktorant &#8211; wsp\u00f3lnie z zespo\u0142em Miejskiej Pracowni Urbanistycznej w \u0141odzi, otrzymali Nagrod\u0119 Ministra Rozwoju Rzeczpospolitej Polskiej za wybitne osi\u0105gni\u0119cia tw\u00f3rcze w dziedzinie planowania i zagospodarowania przestrzennego.<\/strong><\/p>\n<p>Nagrod\u0119 przyznano im za opracowane i wdro\u017cone w \u017cycie projekty miejscowych plan\u00f3w zagospodarowania przestrzennego, kt\u00f3re zosta\u0142y wykonane dla obszaru Posiade\u0142 Wodno &#8211; Fabrycznych &#8211; kolebki XIX-wiecznej \u0141odzi przemys\u0142owej.\u00a0Dzi\u0119ki podj\u0119ciu prac planistycznych dla ca\u0142ego obszaru, przyj\u0119te rozwi\u0105zania mia\u0142y charakter systemowy i pionierski. Stanowi\u0105 one tak\u017ce pierwsze, tak szczeg\u00f3\u0142owe wsp\u00f3\u0142czesne opracowania planistyczne kszta\u0142tuj\u0105ce podstawy zachowania dziedzictwa kulturowego oraz wprowadzaj\u0105ce zasady zagospodarowania przestrzennego.<\/p>\n<p>W planach wprowadzono oryginalne rozwi\u0105zania \u015bci\u015ble dopasowane do specyfiki terenu, wykorzystuj\u0105ce kulturowy i przyrodniczy potencja\u0142 miejsca.<\/p>\n<p>jp<\/p>\n","protected":false},"excerpt":{"rendered":"<p>Pracownicy Instytutu Architektury i Urbanistyki, Wydzia\u0142u Budownictwa, Architektury i In\u017cynierii \u015arodowiska Politechniki \u0141\u00f3dzkiej: dr in\u017c. arch. Aneta Tomczak, dr in\u017c. arch.\u00a0Robert Warsza oraz mgr in\u017c. arch. Andrzej Makowski,\u00a0doktorant &#8211; wsp\u00f3lnie z zespo\u0142em Miejskiej Pracowni Urbanistycznej w \u0141odzi, otrzymali Nagrod\u0119 Ministra Rozwoju Rzeczpospolitej Polskiej za wybitne osi\u0105gni\u0119cia tw\u00f3rcze w dziedzinie planowania i zagospodarowania przestrzennego. Nagrod\u0119 przyznano [&hellip;]<\/p>\n","protected":false},"author":6,"featured_media":0,"comment_status":"closed","ping_status":"closed","sticky":false,"template":"","format":"standard","meta":[],"categories":[19],"tags":[],"_links":{"self":[{"href":"https:\/\/www.polishscience.pl\/pl\/wp-json\/wp\/v2\/posts\/114638"}],"collection":[{"href":"https:\/\/www.polishscience.pl\/pl\/wp-json\/wp\/v2\/posts"}],"about":[{"href":"https:\/\/www.polishscience.pl\/pl\/wp-json\/wp\/v2\/types\/post"}],"author":[{"embeddable":true,"href":"https:\/\/www.polishscience.pl\/pl\/wp-json\/wp\/v2\/users\/6"}],"replies":[{"embeddable":true,"href":"https:\/\/www.polishscience.pl\/pl\/wp-json\/wp\/v2\/comments?post=114638"}],"version-history":[{"count":0,"href":"https:\/\/www.polishscience.pl\/pl\/wp-json\/wp\/v2\/posts\/114638\/revisions"}],"wp:attachment":[{"href":"https:\/\/www.polishscience.pl\/pl\/wp-json\/wp\/v2\/media?parent=114638"}],"wp:term":[{"taxonomy":"category","embeddable":true,"href":"https:\/\/www.polishscience.pl\/pl\/wp-json\/wp\/v2\/categories?post=114638"},{"taxonomy":"post_tag","embeddable":true,"href":"https:\/\/www.polishscience.pl\/pl\/wp-json\/wp\/v2\/tags?post=114638"}],"curies":[{"name":"wp","href":"https:\/\/api.w.org\/{rel}","templated":true}]}}