{"id":114413,"date":"2020-02-10T13:10:54","date_gmt":"2020-02-10T12:10:54","guid":{"rendered":"http:\/\/polishscience.pl\/?p=114413"},"modified":"2020-02-10T13:53:30","modified_gmt":"2020-02-10T12:53:30","slug":"politechnika-opolska-wesprze-gminy-w-walce-o-czyste-powietrze","status":"publish","type":"post","link":"https:\/\/www.polishscience.pl\/pl\/politechnika-opolska-wesprze-gminy-w-walce-o-czyste-powietrze\/","title":{"rendered":"Politechnika Opolska wesprze gminy w walce o czyste powietrze"},"content":{"rendered":"<p><strong>Politechnika Opolska i samorz\u0105dy wojew\u00f3dztwa opolskiego zrealizuj\u0105 projekt \u201eWdro\u017cenie systemu zarz\u0105dzania jako\u015bci\u0105 powietrza w wojew\u00f3dztwie opolskim\u201d. Celem jest zwi\u0119kszenie zdolno\u015bci i poprawa jako\u015bci administracji publicznej wszystkich szczebli w stosunku do dzia\u0142a\u0144 naprawczych okre\u015blonych w planie ochrony powietrza (POP) \u2013 informuje uczelnia.<\/strong><\/p>\n<p>Narz\u0119dzia do osi\u0105gni\u0119cia celu to m.in. przygotowanie i wdro\u017cenie do praktyki samorz\u0105d\u00f3w wojew\u00f3dztwa opolskiego na wszystkich jego poziomach (gmina, powiat, wojew\u00f3dztwo) jednolitego systemu informacyjnego wspieraj\u0105cego realizacj\u0119 POP, a tak\u017ce zwi\u0119kszenie \u015bwiadomo\u015bci spo\u0142ecznej w zakresie problematyki jako\u015bci powietrza.<\/p>\n<p>Uczelnia przygotuje i zorganizuje studia podyplomowe dla gminnych koordynator\u00f3w ds. ochrony powietrza. Dzi\u0119ki temu w ka\u017cdej gminie pojawi si\u0119 wykwalifikowany doradca, kt\u00f3ry b\u0119dzie m\u00f3g\u0142 pom\u00f3c np. w wyborze ekologicznego \u017ar\u00f3d\u0142a ciep\u0142a. Doradzi te\u017c w jaki spos\u00f3b uzyska\u0107 dofinansowanie do wymiany pieca i jak\u0105 ofert\u0119 zaproponowa\u0107.<\/p>\n<p>&nbsp;<\/p>\n<p>jsz<\/p>\n","protected":false},"excerpt":{"rendered":"<p>Politechnika Opolska i samorz\u0105dy wojew\u00f3dztwa opolskiego zrealizuj\u0105 projekt \u201eWdro\u017cenie systemu zarz\u0105dzania jako\u015bci\u0105 powietrza w wojew\u00f3dztwie opolskim\u201d. Celem jest zwi\u0119kszenie zdolno\u015bci i poprawa jako\u015bci administracji publicznej wszystkich szczebli w stosunku do dzia\u0142a\u0144 naprawczych okre\u015blonych w planie ochrony powietrza (POP) \u2013 informuje uczelnia. Narz\u0119dzia do osi\u0105gni\u0119cia celu to m.in. przygotowanie i wdro\u017cenie do praktyki samorz\u0105d\u00f3w wojew\u00f3dztwa opolskiego [&hellip;]<\/p>\n","protected":false},"author":6,"featured_media":0,"comment_status":"closed","ping_status":"closed","sticky":false,"template":"","format":"standard","meta":[],"categories":[21],"tags":[],"_links":{"self":[{"href":"https:\/\/www.polishscience.pl\/pl\/wp-json\/wp\/v2\/posts\/114413"}],"collection":[{"href":"https:\/\/www.polishscience.pl\/pl\/wp-json\/wp\/v2\/posts"}],"about":[{"href":"https:\/\/www.polishscience.pl\/pl\/wp-json\/wp\/v2\/types\/post"}],"author":[{"embeddable":true,"href":"https:\/\/www.polishscience.pl\/pl\/wp-json\/wp\/v2\/users\/6"}],"replies":[{"embeddable":true,"href":"https:\/\/www.polishscience.pl\/pl\/wp-json\/wp\/v2\/comments?post=114413"}],"version-history":[{"count":0,"href":"https:\/\/www.polishscience.pl\/pl\/wp-json\/wp\/v2\/posts\/114413\/revisions"}],"wp:attachment":[{"href":"https:\/\/www.polishscience.pl\/pl\/wp-json\/wp\/v2\/media?parent=114413"}],"wp:term":[{"taxonomy":"category","embeddable":true,"href":"https:\/\/www.polishscience.pl\/pl\/wp-json\/wp\/v2\/categories?post=114413"},{"taxonomy":"post_tag","embeddable":true,"href":"https:\/\/www.polishscience.pl\/pl\/wp-json\/wp\/v2\/tags?post=114413"}],"curies":[{"name":"wp","href":"https:\/\/api.w.org\/{rel}","templated":true}]}}