{"id":114411,"date":"2020-02-10T12:10:53","date_gmt":"2020-02-10T11:10:53","guid":{"rendered":"http:\/\/polishscience.pl\/?p=114411"},"modified":"2020-02-25T15:48:22","modified_gmt":"2020-02-25T14:48:22","slug":"pierwszy-kongres-humanistow-polskich","status":"publish","type":"post","link":"https:\/\/www.polishscience.pl\/pl\/pierwszy-kongres-humanistow-polskich\/","title":{"rendered":"Pierwszy Kongres Humanist\u00f3w Polskich"},"content":{"rendered":"<p><strong>Od 20 do 23 kwietnia 2020 roku Uniwersytet \u0141\u00f3dzki (U\u0141) b\u0119dzie gospodarzem Pierwszego Kongresu Humanist\u00f3w Polskich.<\/strong><\/p>\n<p>Jak informuje \u0142\u00f3dzka uczelnia, kongres to spotkanie polskich uczonych reprezentuj\u0105cych wszystkie dyscypliny i specjalno\u015bci humanistyczne.<\/p>\n<p>Pragniemy, by to spotkanie by\u0142o szeroko otwartym forum rozm\u00f3w, dyskusji, wymiany my\u015bli i r\u00f3\u017cnorodnych stanowisk nawi\u0105zuj\u0105cych ze sob\u0105 dialog, jak i prowokuj\u0105cych do spor\u00f3w i konfrontuj\u0105cych odmienne stanowiska, i by odbywa\u0142o si\u0119 cyklicznie co 2 lata \u2013 czytamy w informacji U\u0141<\/p>\n<p>Pierwszy Kongres Humanist\u00f3w Polskich odb\u0119dzie si\u0119 pod has\u0142em Humanistyka w XXI w. Zach\u0119ca ono do przegl\u0105du najwa\u017cniejszych idei wsp\u00f3\u0142czesnych bada\u0144 humanistycznych, a tak\u017ce do wskazania i sformu\u0142owania najistotniejszych tendencji dotycz\u0105cych przysz\u0142o\u015bci. Poszczeg\u00f3lne wyk\u0142ady i panele, prowadzone przez wybitnych przedstawicieli poszczeg\u00f3lnych dyscyplin, dotyczy\u0107 b\u0119d\u0105 m.in.: kwestii interdyscyplinarno\u015bci w humanistyce, znaczenia j\u0119zyka i literatury w nowej rzeczywisto\u015bci spo\u0142ecznej, roli nowych przestrzeni, np.: post- i biohumanistyki.<\/p>\n<p>&nbsp;<\/p>\n<p>jp<\/p>\n","protected":false},"excerpt":{"rendered":"<p>Od 20 do 23 kwietnia 2020 roku Uniwersytet \u0141\u00f3dzki (U\u0141) b\u0119dzie gospodarzem Pierwszego Kongresu Humanist\u00f3w Polskich. Jak informuje \u0142\u00f3dzka uczelnia, kongres to spotkanie polskich uczonych reprezentuj\u0105cych wszystkie dyscypliny i specjalno\u015bci humanistyczne. Pragniemy, by to spotkanie by\u0142o szeroko otwartym forum rozm\u00f3w, dyskusji, wymiany my\u015bli i r\u00f3\u017cnorodnych stanowisk nawi\u0105zuj\u0105cych ze sob\u0105 dialog, jak i prowokuj\u0105cych do spor\u00f3w [&hellip;]<\/p>\n","protected":false},"author":6,"featured_media":0,"comment_status":"closed","ping_status":"closed","sticky":false,"template":"","format":"standard","meta":[],"categories":[16],"tags":[],"_links":{"self":[{"href":"https:\/\/www.polishscience.pl\/pl\/wp-json\/wp\/v2\/posts\/114411"}],"collection":[{"href":"https:\/\/www.polishscience.pl\/pl\/wp-json\/wp\/v2\/posts"}],"about":[{"href":"https:\/\/www.polishscience.pl\/pl\/wp-json\/wp\/v2\/types\/post"}],"author":[{"embeddable":true,"href":"https:\/\/www.polishscience.pl\/pl\/wp-json\/wp\/v2\/users\/6"}],"replies":[{"embeddable":true,"href":"https:\/\/www.polishscience.pl\/pl\/wp-json\/wp\/v2\/comments?post=114411"}],"version-history":[{"count":0,"href":"https:\/\/www.polishscience.pl\/pl\/wp-json\/wp\/v2\/posts\/114411\/revisions"}],"wp:attachment":[{"href":"https:\/\/www.polishscience.pl\/pl\/wp-json\/wp\/v2\/media?parent=114411"}],"wp:term":[{"taxonomy":"category","embeddable":true,"href":"https:\/\/www.polishscience.pl\/pl\/wp-json\/wp\/v2\/categories?post=114411"},{"taxonomy":"post_tag","embeddable":true,"href":"https:\/\/www.polishscience.pl\/pl\/wp-json\/wp\/v2\/tags?post=114411"}],"curies":[{"name":"wp","href":"https:\/\/api.w.org\/{rel}","templated":true}]}}