{"id":114407,"date":"2020-02-10T10:19:57","date_gmt":"2020-02-10T09:19:57","guid":{"rendered":"http:\/\/polishscience.pl\/?p=114407"},"modified":"2020-02-10T10:19:57","modified_gmt":"2020-02-10T09:19:57","slug":"konferencja-analityczne-wyzwania-w-krakowie","status":"publish","type":"post","link":"https:\/\/www.polishscience.pl\/pl\/konferencja-analityczne-wyzwania-w-krakowie\/","title":{"rendered":"Konferencja \u201eAnalityczne wyzwania\u201d w Krakowie"},"content":{"rendered":"<p><strong>Predictive Solutions wraz z krakowsk\u0105 Akademi\u0105 G\u00f3rniczo-Hutnicz\u0105 zaprasza wszystkich pracownik\u00f3w naukowych na III edycj\u0119 konferencji \u201eAnalityczne wyzwania\u201d.<\/strong><\/p>\n<p>Celem konferencji, kt\u00f3ra odb\u0119dzie si\u0119 11 marca w Krakowie, jest wymiana do\u015bwiadcze\u0144 i integracja przedstawicieli \u015bwiata nauki wok\u00f3\u0142 tematyki zwi\u0105zanej z wykorzystaniem analizy danych w pracach naukowo-badawczych.<\/p>\n<p>Do udzia\u0142u w konferencji zaproszeni s\u0105 pracownicy naukowi i doktoranci polskich uczelni oraz instytut\u00f3w badawczych, kt\u00f3rzy b\u0119d\u0105 mogli zaprezentowa\u0107 wyniki swoich bada\u0144. Zg\u0142oszenia przyjmowane s\u0105 do 12 lutego. Wybrane przez Komitet Naukowy referaty zostan\u0105 wyg\u0142oszone w r\u00f3wnoleg\u0142ych sesjach tematycznych.<\/p>\n<p>Patronat nad konferencj\u0105 obj\u0119li prof. dr hab. in\u017c. Krzysztof Boryczko, Dziekan Wydzia\u0142u Informatyki, Elektroniki i Telekomunikacji AGH oraz Piotr Komornicki, Prezes Predictive Solutions.<\/p>\n<p>jp<\/p>\n","protected":false},"excerpt":{"rendered":"<p>Predictive Solutions wraz z krakowsk\u0105 Akademi\u0105 G\u00f3rniczo-Hutnicz\u0105 zaprasza wszystkich pracownik\u00f3w naukowych na III edycj\u0119 konferencji \u201eAnalityczne wyzwania\u201d. Celem konferencji, kt\u00f3ra odb\u0119dzie si\u0119 11 marca w Krakowie, jest wymiana do\u015bwiadcze\u0144 i integracja przedstawicieli \u015bwiata nauki wok\u00f3\u0142 tematyki zwi\u0105zanej z wykorzystaniem analizy danych w pracach naukowo-badawczych. Do udzia\u0142u w konferencji zaproszeni s\u0105 pracownicy naukowi i doktoranci polskich [&hellip;]<\/p>\n","protected":false},"author":6,"featured_media":0,"comment_status":"closed","ping_status":"closed","sticky":false,"template":"","format":"standard","meta":[],"categories":[22],"tags":[],"_links":{"self":[{"href":"https:\/\/www.polishscience.pl\/pl\/wp-json\/wp\/v2\/posts\/114407"}],"collection":[{"href":"https:\/\/www.polishscience.pl\/pl\/wp-json\/wp\/v2\/posts"}],"about":[{"href":"https:\/\/www.polishscience.pl\/pl\/wp-json\/wp\/v2\/types\/post"}],"author":[{"embeddable":true,"href":"https:\/\/www.polishscience.pl\/pl\/wp-json\/wp\/v2\/users\/6"}],"replies":[{"embeddable":true,"href":"https:\/\/www.polishscience.pl\/pl\/wp-json\/wp\/v2\/comments?post=114407"}],"version-history":[{"count":0,"href":"https:\/\/www.polishscience.pl\/pl\/wp-json\/wp\/v2\/posts\/114407\/revisions"}],"wp:attachment":[{"href":"https:\/\/www.polishscience.pl\/pl\/wp-json\/wp\/v2\/media?parent=114407"}],"wp:term":[{"taxonomy":"category","embeddable":true,"href":"https:\/\/www.polishscience.pl\/pl\/wp-json\/wp\/v2\/categories?post=114407"},{"taxonomy":"post_tag","embeddable":true,"href":"https:\/\/www.polishscience.pl\/pl\/wp-json\/wp\/v2\/tags?post=114407"}],"curies":[{"name":"wp","href":"https:\/\/api.w.org\/{rel}","templated":true}]}}