{"id":114185,"date":"2020-02-07T12:00:52","date_gmt":"2020-02-07T11:00:52","guid":{"rendered":"http:\/\/polishscience.pl\/?p=114185"},"modified":"2020-02-07T12:00:52","modified_gmt":"2020-02-07T11:00:52","slug":"prof-dulak-przedstawicielem-polski-w-europejskim-forum-strategicznym-ds-infrastruktur-badawczych","status":"publish","type":"post","link":"https:\/\/www.polishscience.pl\/pl\/prof-dulak-przedstawicielem-polski-w-europejskim-forum-strategicznym-ds-infrastruktur-badawczych\/","title":{"rendered":"Prof. Dulak przedstawicielem Polski w Europejskim Forum Strategicznym ds. Infrastruktur Badawczych"},"content":{"rendered":"<p><strong>Prof. J\u00f3zef Dulak z Wydzia\u0142u Biochemii, Biofizyki i Biotechnologii Uniwersytetu Jagiello\u0144skiego (UJ) zosta\u0142 powo\u0142any przez Ministerstwo Nauki i Szkolnictwa Wy\u017cszego na przedstawiciela Polski w ramach Europejskiego Forum Strategicznego ds. Infrastruktur Badawczych (ESFRI).<\/strong><\/p>\n<p>European Strategic Forum on Research Infrastructures zosta\u0142o powo\u0142ane w 2002 roku w odpowiedzi na potrzeb\u0119 stworzenia sp\u00f3jnej strategii rozwoju europejskich infrastruktur badawczych.<\/p>\n<p>Konsekwencja w dzia\u0142aniu na rzecz jako\u015bci europejskiej nauki i wypracowaniu przejrzystej metodologii w zakresie tworzenia i aktualizacji Europejskiej Mapy Drogowej Infrastruktur Badawczych sprawi\u0142a, \u017ce ESFRI cieszy si\u0119 uznaniem europejskiej spo\u0142eczno\u015bci naukowej.<\/p>\n<p>Delegaci ESFRI to eksperci mianowani przez odpowiednie ministerstwa z pa\u0144stw cz\u0142onkowskich Unii Europejskiej i kraj\u00f3w stowarzyszonych. Efektem ich spotka\u0144 jest kszta\u0142towanie polityki w zakresie infrastruktur badawczych na Starym Kontynencie. ESFRI nie jest cia\u0142em decyzyjnym i nie zajmuje si\u0119 dystrybucj\u0105 \u015brodk\u00f3w finansowych.<\/p>\n<p>jp<\/p>\n","protected":false},"excerpt":{"rendered":"<p>Prof. J\u00f3zef Dulak z Wydzia\u0142u Biochemii, Biofizyki i Biotechnologii Uniwersytetu Jagiello\u0144skiego (UJ) zosta\u0142 powo\u0142any przez Ministerstwo Nauki i Szkolnictwa Wy\u017cszego na przedstawiciela Polski w ramach Europejskiego Forum Strategicznego ds. Infrastruktur Badawczych (ESFRI). European Strategic Forum on Research Infrastructures zosta\u0142o powo\u0142ane w 2002 roku w odpowiedzi na potrzeb\u0119 stworzenia sp\u00f3jnej strategii rozwoju europejskich infrastruktur badawczych. Konsekwencja [&hellip;]<\/p>\n","protected":false},"author":6,"featured_media":0,"comment_status":"closed","ping_status":"closed","sticky":false,"template":"","format":"standard","meta":[],"categories":[22],"tags":[],"_links":{"self":[{"href":"https:\/\/www.polishscience.pl\/pl\/wp-json\/wp\/v2\/posts\/114185"}],"collection":[{"href":"https:\/\/www.polishscience.pl\/pl\/wp-json\/wp\/v2\/posts"}],"about":[{"href":"https:\/\/www.polishscience.pl\/pl\/wp-json\/wp\/v2\/types\/post"}],"author":[{"embeddable":true,"href":"https:\/\/www.polishscience.pl\/pl\/wp-json\/wp\/v2\/users\/6"}],"replies":[{"embeddable":true,"href":"https:\/\/www.polishscience.pl\/pl\/wp-json\/wp\/v2\/comments?post=114185"}],"version-history":[{"count":0,"href":"https:\/\/www.polishscience.pl\/pl\/wp-json\/wp\/v2\/posts\/114185\/revisions"}],"wp:attachment":[{"href":"https:\/\/www.polishscience.pl\/pl\/wp-json\/wp\/v2\/media?parent=114185"}],"wp:term":[{"taxonomy":"category","embeddable":true,"href":"https:\/\/www.polishscience.pl\/pl\/wp-json\/wp\/v2\/categories?post=114185"},{"taxonomy":"post_tag","embeddable":true,"href":"https:\/\/www.polishscience.pl\/pl\/wp-json\/wp\/v2\/tags?post=114185"}],"curies":[{"name":"wp","href":"https:\/\/api.w.org\/{rel}","templated":true}]}}