{"id":113969,"date":"2020-02-06T10:16:12","date_gmt":"2020-02-06T09:16:12","guid":{"rendered":"http:\/\/polishscience.pl\/?p=113969"},"modified":"2020-02-06T10:16:12","modified_gmt":"2020-02-06T09:16:12","slug":"konferencja-edual-i-inzynierskie-targi-pracy-i-przedsiebiorczosci-w-marcu-w-katowicach","status":"publish","type":"post","link":"https:\/\/www.polishscience.pl\/pl\/konferencja-edual-i-inzynierskie-targi-pracy-i-przedsiebiorczosci-w-marcu-w-katowicach\/","title":{"rendered":"Konferencja EDUAL i In\u017cynierskie Targi Pracy i Przedsi\u0119biorczo\u015bci w marcu w Katowicach"},"content":{"rendered":"<p><strong>Politechnika \u015al\u0105ska oraz Katowicka Specjalna Strefa Ekonomiczna zapraszaj\u0105 2 marca na IV Konferencj\u0119 Edukacja Dualna \u2013 EDUAL \u201eStudia dualne odpowiedzi\u0105 na potrzeby Przemys\u0142u 4.0\u201d oraz In\u017cynierskie Targi Pracy i Przedsi\u0119biorczo\u015bci.\u00a0<\/strong><\/p>\n<p>Organizatorzy chc\u0105 przedstawi\u0107 korzy\u015bci z prowadzenia studi\u00f3w dualnych. Studentom daj\u0105 one mo\u017cliwo\u015b\u0107 zdobycia praktycznej wiedzy i do\u015bwiadczenia, a pracodawcom pozwalaj\u0105 kszta\u0142towa\u0107 rozw\u00f3j przysz\u0142ego pracownika \u2013 informuje uczelnia.<\/p>\n<p>Udzia\u0142 w otwarciu konferencji zapowiedzia\u0142 Minister Nauki i Szkolnictwa Wy\u017cszego Jaros\u0142aw Gowin. W panelach dyskusyjnych wyst\u0105pi\u0105 przedsi\u0119biorcy oraz osoby zaanga\u017cowane w prowadzenie studi\u00f3w dualnych i projekt\u00f3w sta\u017cowych, a tak\u017ce absolwenci, kt\u00f3rzy odbyli pe\u0142ny cykl kszta\u0142cenia w ramach edukacji dualnej.<\/p>\n<p>In\u017cynierskie Targi Pracy i Przedsi\u0119biorczo\u015bci b\u0119d\u0105 po\u015bwi\u0119cone m.in. zmianom dokonuj\u0105cym si\u0119 na rynku pracy, prognozowaniu oczekiwa\u0144 wobec rekrutowanych do pracy oraz om\u00f3wieniu zakresu dzia\u0142a\u0144 Centr\u00f3w Kompetencyjnych.<\/p>\n<p>&nbsp;<\/p>\n<p>jsz<\/p>\n","protected":false},"excerpt":{"rendered":"<p>Politechnika \u015al\u0105ska oraz Katowicka Specjalna Strefa Ekonomiczna zapraszaj\u0105 2 marca na IV Konferencj\u0119 Edukacja Dualna \u2013 EDUAL \u201eStudia dualne odpowiedzi\u0105 na potrzeby Przemys\u0142u 4.0\u201d oraz In\u017cynierskie Targi Pracy i Przedsi\u0119biorczo\u015bci.\u00a0 Organizatorzy chc\u0105 przedstawi\u0107 korzy\u015bci z prowadzenia studi\u00f3w dualnych. Studentom daj\u0105 one mo\u017cliwo\u015b\u0107 zdobycia praktycznej wiedzy i do\u015bwiadczenia, a pracodawcom pozwalaj\u0105 kszta\u0142towa\u0107 rozw\u00f3j przysz\u0142ego pracownika \u2013 [&hellip;]<\/p>\n","protected":false},"author":6,"featured_media":0,"comment_status":"closed","ping_status":"closed","sticky":false,"template":"","format":"standard","meta":[],"categories":[22],"tags":[],"_links":{"self":[{"href":"https:\/\/www.polishscience.pl\/pl\/wp-json\/wp\/v2\/posts\/113969"}],"collection":[{"href":"https:\/\/www.polishscience.pl\/pl\/wp-json\/wp\/v2\/posts"}],"about":[{"href":"https:\/\/www.polishscience.pl\/pl\/wp-json\/wp\/v2\/types\/post"}],"author":[{"embeddable":true,"href":"https:\/\/www.polishscience.pl\/pl\/wp-json\/wp\/v2\/users\/6"}],"replies":[{"embeddable":true,"href":"https:\/\/www.polishscience.pl\/pl\/wp-json\/wp\/v2\/comments?post=113969"}],"version-history":[{"count":0,"href":"https:\/\/www.polishscience.pl\/pl\/wp-json\/wp\/v2\/posts\/113969\/revisions"}],"wp:attachment":[{"href":"https:\/\/www.polishscience.pl\/pl\/wp-json\/wp\/v2\/media?parent=113969"}],"wp:term":[{"taxonomy":"category","embeddable":true,"href":"https:\/\/www.polishscience.pl\/pl\/wp-json\/wp\/v2\/categories?post=113969"},{"taxonomy":"post_tag","embeddable":true,"href":"https:\/\/www.polishscience.pl\/pl\/wp-json\/wp\/v2\/tags?post=113969"}],"curies":[{"name":"wp","href":"https:\/\/api.w.org\/{rel}","templated":true}]}}