{"id":113750,"date":"2020-02-05T12:50:57","date_gmt":"2020-02-05T11:50:57","guid":{"rendered":"http:\/\/polishscience.pl\/?p=113750"},"modified":"2020-02-05T14:09:43","modified_gmt":"2020-02-05T13:09:43","slug":"ruszyly-zgloszenia-do-xii-edycji-konkursu-polska-wies-dziedzictwo-i-przyszlosc","status":"publish","type":"post","link":"https:\/\/www.polishscience.pl\/pl\/ruszyly-zgloszenia-do-xii-edycji-konkursu-polska-wies-dziedzictwo-i-przyszlosc\/","title":{"rendered":"Ruszy\u0142y zg\u0142oszenia do XII edycji konkursu Polska wie\u015b \u2013 dziedzictwo i przysz\u0142o\u015b\u0107"},"content":{"rendered":"<p><strong>Fundacja na rzecz Rozwoju Polskiego Rolnictwa og\u0142osi\u0142a XII edycj\u0119 konkursu \u201ePolska wie\u015b \u2013 dziedzictwo i przysz\u0142o\u015b\u0107&#8221;. Jego celem jest promocja polskiego rolnictwa, problematyki zwi\u0105zanej z obszarami wiejskimi, dziedzictwa kulturowego oraz wzbogacenie publicznej debaty na temat polskiej wsi.<\/strong><\/p>\n<p>Termin nadsy\u0142ania prac up\u0142ywa 31 lipca. We wcze\u015bniejszych edycjach nagradzane by\u0142y prace z zakresu historii, kultury, ekonomii, socjologii, nauk przyrodniczych i rolniczych. Warunkiem jest powi\u0105zanie tematyczne z obszarami wiejskimi \u2013 czytamy w serwisie Uniwersytetu Adama Mickiewicza w Poznaniu<\/p>\n<p>W ramach konkursu oceniane b\u0119d\u0105 prace naukowe popularno-naukowe i inne prezentuj\u0105ce szczeg\u00f3lnie inspiruj\u0105ce i innowacyjne spojrzenie na problematyk\u0119 rozwoju wsi. Kapitu\u0142a oceni tak\u017ce prace prezentuj\u0105ce dorobek kulturowy kraju i regionu, opisuj\u0105ce inicjatywy lokalne, dziedzictwo historyczne wsi oraz ilustruj\u0105ce przyk\u0142ad sukcesu w rozwoju polskiej wsi.<\/p>\n<p>&nbsp;<\/p>\n<p>jsz<\/p>\n","protected":false},"excerpt":{"rendered":"<p>Fundacja na rzecz Rozwoju Polskiego Rolnictwa og\u0142osi\u0142a XII edycj\u0119 konkursu \u201ePolska wie\u015b \u2013 dziedzictwo i przysz\u0142o\u015b\u0107&#8221;. Jego celem jest promocja polskiego rolnictwa, problematyki zwi\u0105zanej z obszarami wiejskimi, dziedzictwa kulturowego oraz wzbogacenie publicznej debaty na temat polskiej wsi. Termin nadsy\u0142ania prac up\u0142ywa 31 lipca. We wcze\u015bniejszych edycjach nagradzane by\u0142y prace z zakresu historii, kultury, ekonomii, socjologii, [&hellip;]<\/p>\n","protected":false},"author":6,"featured_media":0,"comment_status":"closed","ping_status":"closed","sticky":false,"template":"","format":"standard","meta":[],"categories":[22],"tags":[],"_links":{"self":[{"href":"https:\/\/www.polishscience.pl\/pl\/wp-json\/wp\/v2\/posts\/113750"}],"collection":[{"href":"https:\/\/www.polishscience.pl\/pl\/wp-json\/wp\/v2\/posts"}],"about":[{"href":"https:\/\/www.polishscience.pl\/pl\/wp-json\/wp\/v2\/types\/post"}],"author":[{"embeddable":true,"href":"https:\/\/www.polishscience.pl\/pl\/wp-json\/wp\/v2\/users\/6"}],"replies":[{"embeddable":true,"href":"https:\/\/www.polishscience.pl\/pl\/wp-json\/wp\/v2\/comments?post=113750"}],"version-history":[{"count":0,"href":"https:\/\/www.polishscience.pl\/pl\/wp-json\/wp\/v2\/posts\/113750\/revisions"}],"wp:attachment":[{"href":"https:\/\/www.polishscience.pl\/pl\/wp-json\/wp\/v2\/media?parent=113750"}],"wp:term":[{"taxonomy":"category","embeddable":true,"href":"https:\/\/www.polishscience.pl\/pl\/wp-json\/wp\/v2\/categories?post=113750"},{"taxonomy":"post_tag","embeddable":true,"href":"https:\/\/www.polishscience.pl\/pl\/wp-json\/wp\/v2\/tags?post=113750"}],"curies":[{"name":"wp","href":"https:\/\/api.w.org\/{rel}","templated":true}]}}