{"id":113504,"date":"2020-02-04T11:07:51","date_gmt":"2020-02-04T10:07:51","guid":{"rendered":"http:\/\/polishscience.pl\/?p=113504"},"modified":"2020-02-04T11:07:51","modified_gmt":"2020-02-04T10:07:51","slug":"spotkanie-wicepremiera-gowina-z-komisarzem-ue-ds-pracy-i-praw-socjalnych","status":"publish","type":"post","link":"https:\/\/www.polishscience.pl\/pl\/spotkanie-wicepremiera-gowina-z-komisarzem-ue-ds-pracy-i-praw-socjalnych\/","title":{"rendered":"Spotkanie wicepremiera Gowina z komisarzem UE ds. pracy i praw socjalnych"},"content":{"rendered":"<p><strong>O powi\u0105zaniu kszta\u0142cenia na poziomie wy\u017cszym z rynkiem pracy rozmawiali w Warszawie wicepremier, minister nauki i szkolnictwa wy\u017cszego Jaros\u0142aw Gowin i komisarz Unii Europejskiej ds. pracy i praw socjalnych Nicolas Schmit.<\/strong><\/p>\n<p>Jak podkre\u015bla resort nauki, w Polsce, aby wzmocni\u0107 kszta\u0142cenie praktyczne, umo\u017cliwiaj\u0105ce rozw\u00f3j umiej\u0119tno\u015bci zawodowych i kompetencji spo\u0142ecznych student\u00f3w, wprowadzono \u2013 poprzez Konstytucj\u0119 dla Nauki z 2018 roku &#8211; dwie formy kszta\u0142cenia na kierunkach o profilu praktycznym: obowi\u0105zkowe praktyki zawodowe oraz studia dualne.<\/p>\n<p>Ustawa umo\u017cliwi\u0142a te\u017c prowadzenie przez uczelnie zawodowe kszta\u0142cenia specjalistycznego. Osoba, kt\u00f3ra uko\u0144czy\u0142a kszta\u0142cenie specjalistyczne otrzyma \u015bwiadectwo dyplomowanego specjalisty albo dyplomowanego specjalisty technologa.<\/p>\n<p>jp<\/p>\n","protected":false},"excerpt":{"rendered":"<p>O powi\u0105zaniu kszta\u0142cenia na poziomie wy\u017cszym z rynkiem pracy rozmawiali w Warszawie wicepremier, minister nauki i szkolnictwa wy\u017cszego Jaros\u0142aw Gowin i komisarz Unii Europejskiej ds. pracy i praw socjalnych Nicolas Schmit. Jak podkre\u015bla resort nauki, w Polsce, aby wzmocni\u0107 kszta\u0142cenie praktyczne, umo\u017cliwiaj\u0105ce rozw\u00f3j umiej\u0119tno\u015bci zawodowych i kompetencji spo\u0142ecznych student\u00f3w, wprowadzono \u2013 poprzez Konstytucj\u0119 dla Nauki [&hellip;]<\/p>\n","protected":false},"author":6,"featured_media":0,"comment_status":"closed","ping_status":"closed","sticky":false,"template":"","format":"standard","meta":[],"categories":[21],"tags":[],"_links":{"self":[{"href":"https:\/\/www.polishscience.pl\/pl\/wp-json\/wp\/v2\/posts\/113504"}],"collection":[{"href":"https:\/\/www.polishscience.pl\/pl\/wp-json\/wp\/v2\/posts"}],"about":[{"href":"https:\/\/www.polishscience.pl\/pl\/wp-json\/wp\/v2\/types\/post"}],"author":[{"embeddable":true,"href":"https:\/\/www.polishscience.pl\/pl\/wp-json\/wp\/v2\/users\/6"}],"replies":[{"embeddable":true,"href":"https:\/\/www.polishscience.pl\/pl\/wp-json\/wp\/v2\/comments?post=113504"}],"version-history":[{"count":0,"href":"https:\/\/www.polishscience.pl\/pl\/wp-json\/wp\/v2\/posts\/113504\/revisions"}],"wp:attachment":[{"href":"https:\/\/www.polishscience.pl\/pl\/wp-json\/wp\/v2\/media?parent=113504"}],"wp:term":[{"taxonomy":"category","embeddable":true,"href":"https:\/\/www.polishscience.pl\/pl\/wp-json\/wp\/v2\/categories?post=113504"},{"taxonomy":"post_tag","embeddable":true,"href":"https:\/\/www.polishscience.pl\/pl\/wp-json\/wp\/v2\/tags?post=113504"}],"curies":[{"name":"wp","href":"https:\/\/api.w.org\/{rel}","templated":true}]}}