{"id":113499,"date":"2020-02-04T11:10:00","date_gmt":"2020-02-04T10:10:00","guid":{"rendered":"http:\/\/polishscience.pl\/?p=113499"},"modified":"2020-02-04T11:10:00","modified_gmt":"2020-02-04T10:10:00","slug":"w-warszawie-obradowalo-forum-dla-praworzadnosci","status":"publish","type":"post","link":"https:\/\/www.polishscience.pl\/pl\/w-warszawie-obradowalo-forum-dla-praworzadnosci\/","title":{"rendered":"W Warszawie obradowa\u0142o \u201eForum dla praworz\u0105dno\u015bci\u201d"},"content":{"rendered":"<p><strong>Przedstawiciele instytucji oraz \u015brodowisk prawniczych i naukowych spotkali si\u0119 w pi\u0105tek (31 stycznia), aby rozmawia\u0107 o reformie wymiaru sprawiedliwo\u015bci. Zaproszenie do dialogu wystosowa\u0142a Polska Akademia Nauk (PAN), kt\u00f3ra by\u0142a gospodarzem wydarzenia w Pa\u0142acu Staszica.<\/strong><\/p>\n<p>\u201eG\u0142\u0119boko wierz\u0119 w to, \u017ce mo\u017cemy polemizowa\u0107 ze sob\u0105 w spos\u00f3b merytoryczny i z wzajemnym poszanowaniem. G\u0142\u0119boko wierz\u0119 w to, \u017ce my \u2013 zasiadaj\u0105cy dzi\u015b przy tym stole \u2013 mo\u017cemy dokona\u0107 pewnego post\u0119pu w sprawach praworz\u0105dno\u015bci\u201d \u2013 m\u00f3wi\u0142 prezes PAN prof. Jerzy Duszy\u0144ski, witaj\u0105c uczestnik\u00f3w Forum.<\/p>\n<p>W\u015br\u00f3d uczestnik\u00f3w Forum by\u0142 m.in. Jaros\u0142aw Gowin, wicepremier, minister nauki i szkolnictwa wy\u017cszego oraz Pawe\u0142 Mucha, sekretarz stanu w Kancelarii Prezydenta.<\/p>\n<p>\u201eForum dla praworz\u0105dno\u015bci\u201d zorganizowa\u0142a Polska Akademia Nauk we wsp\u00f3\u0142pracy z Polsk\u0105 Akademi\u0105 Umiej\u0119tno\u015bci. Celem inicjatywy jest merytoryczny dialog o reformie s\u0105downictwa. To jednocze\u015bnie odpowied\u017a na apele \u015brodowiska prawniczego o okr\u0105g\u0142y st\u00f3\u0142 w sprawie praworz\u0105dno\u015bci.<\/p>\n<p>jp<\/p>\n","protected":false},"excerpt":{"rendered":"<p>Przedstawiciele instytucji oraz \u015brodowisk prawniczych i naukowych spotkali si\u0119 w pi\u0105tek (31 stycznia), aby rozmawia\u0107 o reformie wymiaru sprawiedliwo\u015bci. Zaproszenie do dialogu wystosowa\u0142a Polska Akademia Nauk (PAN), kt\u00f3ra by\u0142a gospodarzem wydarzenia w Pa\u0142acu Staszica. \u201eG\u0142\u0119boko wierz\u0119 w to, \u017ce mo\u017cemy polemizowa\u0107 ze sob\u0105 w spos\u00f3b merytoryczny i z wzajemnym poszanowaniem. G\u0142\u0119boko wierz\u0119 w to, \u017ce [&hellip;]<\/p>\n","protected":false},"author":6,"featured_media":0,"comment_status":"closed","ping_status":"closed","sticky":false,"template":"","format":"standard","meta":[],"categories":[22],"tags":[],"_links":{"self":[{"href":"https:\/\/www.polishscience.pl\/pl\/wp-json\/wp\/v2\/posts\/113499"}],"collection":[{"href":"https:\/\/www.polishscience.pl\/pl\/wp-json\/wp\/v2\/posts"}],"about":[{"href":"https:\/\/www.polishscience.pl\/pl\/wp-json\/wp\/v2\/types\/post"}],"author":[{"embeddable":true,"href":"https:\/\/www.polishscience.pl\/pl\/wp-json\/wp\/v2\/users\/6"}],"replies":[{"embeddable":true,"href":"https:\/\/www.polishscience.pl\/pl\/wp-json\/wp\/v2\/comments?post=113499"}],"version-history":[{"count":0,"href":"https:\/\/www.polishscience.pl\/pl\/wp-json\/wp\/v2\/posts\/113499\/revisions"}],"wp:attachment":[{"href":"https:\/\/www.polishscience.pl\/pl\/wp-json\/wp\/v2\/media?parent=113499"}],"wp:term":[{"taxonomy":"category","embeddable":true,"href":"https:\/\/www.polishscience.pl\/pl\/wp-json\/wp\/v2\/categories?post=113499"},{"taxonomy":"post_tag","embeddable":true,"href":"https:\/\/www.polishscience.pl\/pl\/wp-json\/wp\/v2\/tags?post=113499"}],"curies":[{"name":"wp","href":"https:\/\/api.w.org\/{rel}","templated":true}]}}