{"id":113315,"date":"2020-02-03T10:11:44","date_gmt":"2020-02-03T09:11:44","guid":{"rendered":"http:\/\/polishscience.pl\/?p=113315"},"modified":"2020-02-03T10:11:44","modified_gmt":"2020-02-03T09:11:44","slug":"bedzie-nowelizacja-konstytucji-dla-nauki","status":"publish","type":"post","link":"https:\/\/www.polishscience.pl\/pl\/bedzie-nowelizacja-konstytucji-dla-nauki\/","title":{"rendered":"B\u0119dzie nowelizacja Konstytucji dla Nauki"},"content":{"rendered":"<p style=\"margin: 0cm 0cm 8.0pt 0cm;\"><b><span style=\"color: black;\">W zwi\u0105zku z odnotowanymi przypadkami naruszania zasady wolno\u015bci wyra\u017cania pogl\u0105d\u00f3w na uczelniach, resort nauki zdecydowa\u0142 si\u0119 zaproponowa\u0107 rozwi\u0105zania, kt\u00f3re maj\u0105 wzmocni\u0107 akademick\u0105 wolno\u015b\u0107.\u00a0<\/span><\/b><\/p>\n<p style=\"margin: 0cm 0cm 8.0pt 0cm;\"><span style=\"color: black;\">Wicepremier, minister nauki i szkolnictwa wy\u017cszego Jaros\u0142aw Gowin zapowiedzia\u0142 nowelizacj\u0119 Konstytucji dla Nauki, kt\u00f3rej celem b\u0119dzie zagwarantowanie wszystkim cz\u0142onkom wsp\u00f3lnoty uczelni oraz pracownikom systemu szkolnictwa wy\u017cszego i nauki przynale\u017cnych im wolno\u015bci zwi\u0105zanych z kszta\u0142ceniem, wyra\u017caniem pogl\u0105d\u00f3w i prowadzeniem dzia\u0142alno\u015bci naukowej.\u00a0<\/span><\/p>\n<p style=\"margin: 0cm 0cm 8.0pt 0cm;\"><span style=\"color: black;\">Uczelnie musz\u0105 by\u0107 przestrzeni\u0105, w kt\u00f3rej swobodnie \u015bcieraj\u0105 si\u0119 r\u00f3\u017cne pogl\u0105dy. Od pocz\u0105tku prac nad Konstytucj\u0105 dla Nauki podkre\u015bla\u0142em, \u017ce ustawa ta ma poszerzy\u0107 autonomi\u0119 uczelni &#8211; tak te\u017c si\u0119 sta\u0142o. Wi\u0119ksza wolno\u015b\u0107 cz\u0119sto by\u0142a jednak wykorzystywana do tego, \u017ceby ogranicza\u0107 wolno\u015b\u0107 wewn\u0119trzn\u0105 uczelni \u2013 powiedzia\u0142 wicepremier Gowin.<\/span><\/p>\n<p style=\"margin: 0cm 0cm 8.0pt 0cm;\"><span style=\"color: black;\">Zaakcentowa\u0142 jednocze\u015bnie, \u017ce \u201euczelnie musza by\u0107 przestrzeni\u0105, w kt\u00f3rej swobodnie \u015bcieraj\u0105 si\u0119 r\u00f3\u017cne pogl\u0105dy, rozmaite zapatrywania i metodologie\u201d. \u201eOczywi\u015bcie, przy za\u0142o\u017ceniu naukowego charakteru g\u0142oszonych stanowisk, zajmowanych podczas wyk\u0142ad\u00f3w czy b\u0119d\u0105cych tre\u015bci\u0105 bada\u0144 naukowych\u201d \u2013 zastrzeg\u0142 minister nauki.<\/span><\/p>\n<p style=\"margin: 0cm 0cm 8.0pt 0cm;\"><span style=\"color: black;\">Wi\u0119cej:<br \/>\n<\/span><a href=\"https:\/\/konstytucjadlanauki.gov.pl\/\"><span style=\"color: #0563c1;\">https:\/\/konstytucjadlanauki.gov.pl\/<\/span><\/a><\/p>\n<p style=\"margin: 0cm 0cm 8.0pt 0cm;\"><span style=\"color: black;\">jp<\/span><\/p>\n","protected":false},"excerpt":{"rendered":"<p>W zwi\u0105zku z odnotowanymi przypadkami naruszania zasady wolno\u015bci wyra\u017cania pogl\u0105d\u00f3w na uczelniach, resort nauki zdecydowa\u0142 si\u0119 zaproponowa\u0107 rozwi\u0105zania, kt\u00f3re maj\u0105 wzmocni\u0107 akademick\u0105 wolno\u015b\u0107.\u00a0 Wicepremier, minister nauki i szkolnictwa wy\u017cszego Jaros\u0142aw Gowin zapowiedzia\u0142 nowelizacj\u0119 Konstytucji dla Nauki, kt\u00f3rej celem b\u0119dzie zagwarantowanie wszystkim cz\u0142onkom wsp\u00f3lnoty uczelni oraz pracownikom systemu szkolnictwa wy\u017cszego i nauki przynale\u017cnych im wolno\u015bci zwi\u0105zanych [&hellip;]<\/p>\n","protected":false},"author":6,"featured_media":0,"comment_status":"closed","ping_status":"closed","sticky":false,"template":"","format":"standard","meta":[],"categories":[21],"tags":[],"_links":{"self":[{"href":"https:\/\/www.polishscience.pl\/pl\/wp-json\/wp\/v2\/posts\/113315"}],"collection":[{"href":"https:\/\/www.polishscience.pl\/pl\/wp-json\/wp\/v2\/posts"}],"about":[{"href":"https:\/\/www.polishscience.pl\/pl\/wp-json\/wp\/v2\/types\/post"}],"author":[{"embeddable":true,"href":"https:\/\/www.polishscience.pl\/pl\/wp-json\/wp\/v2\/users\/6"}],"replies":[{"embeddable":true,"href":"https:\/\/www.polishscience.pl\/pl\/wp-json\/wp\/v2\/comments?post=113315"}],"version-history":[{"count":0,"href":"https:\/\/www.polishscience.pl\/pl\/wp-json\/wp\/v2\/posts\/113315\/revisions"}],"wp:attachment":[{"href":"https:\/\/www.polishscience.pl\/pl\/wp-json\/wp\/v2\/media?parent=113315"}],"wp:term":[{"taxonomy":"category","embeddable":true,"href":"https:\/\/www.polishscience.pl\/pl\/wp-json\/wp\/v2\/categories?post=113315"},{"taxonomy":"post_tag","embeddable":true,"href":"https:\/\/www.polishscience.pl\/pl\/wp-json\/wp\/v2\/tags?post=113315"}],"curies":[{"name":"wp","href":"https:\/\/api.w.org\/{rel}","templated":true}]}}