{"id":113312,"date":"2020-02-03T10:13:02","date_gmt":"2020-02-03T09:13:02","guid":{"rendered":"http:\/\/polishscience.pl\/?p=113312"},"modified":"2020-02-03T10:13:02","modified_gmt":"2020-02-03T09:13:02","slug":"studenci-zagraniczni-w-polsce-2020","status":"publish","type":"post","link":"https:\/\/www.polishscience.pl\/pl\/studenci-zagraniczni-w-polsce-2020\/","title":{"rendered":"Studenci zagraniczni w Polsce 2020"},"content":{"rendered":"<p><strong>W\u00a0dniach 26-28 stycznia w\u00a0\u0141odzi odby\u0142a si\u0119 doroczna konferencja Study in Poland \u201eStudenci zagraniczni w\u00a0Polsce\u201d organizowana przez Fundacj\u0119 Edukacyjn\u0105 Perspektywy, Politechnik\u0119 \u0141\u00f3dzk\u0105 oraz Konferencj\u0119 Rektor\u00f3w Akademickich Szk\u00f3\u0142 Polskich KRASP.<\/strong><\/p>\n<p>Celem konferencji \u2013 jak podkre\u015blali organizatorzy &#8211; by\u0142a wymiana opinii, zaprezentowanie dobrych praktyk oraz zdiagnozowanie problem\u00f3w i\u00a0om\u00f3wienie wyzwa\u0144, pozwalaj\u0105cych na opracowanie koncepcji podniesienia jako\u015bci i\u00a0efektywno\u015bci dzia\u0142a\u0144, kt\u00f3re przyczyni\u0105 si\u0119 do wzrostu umi\u0119dzynarodowienia polskiego szkolnictwa wy\u017cszego i\u00a0nauki.<\/p>\n<p>Wydarzeniu towarzyszy\u0142o uroczyste wr\u0119czenie nagr\u00f3d \u201eGwiazdy Umi\u0119dzynarodowienia\/Internationalization Star\u201d przyznawanych osobom o\u00a0wybitnych osi\u0105gni\u0119ciach w\u00a0umi\u0119dzynarodowieniu polskich szk\u00f3\u0142 wy\u017cszych.<\/p>\n<p>W\u00a0tym roku nagrodzeni zostali:<\/p>\n<p>&#8222;Research Star&#8221; &#8211; prof. Grzegorz Mazurek z\u00a0Akademii Leona Ko\u017ami\u0144skiego w Warszawie<\/p>\n<p>&#8222;Teaching Star&#8221; &#8211; prof. Jacek Szepietowski z\u00a0Uniwersytetu Medycznego we Wroc\u0142awiu<\/p>\n<p>&#8222;Management Star&#8221; &#8211; dr Dorota Piotrowska z\u00a0Politechniki \u0141\u00f3dzkiej<\/p>\n<p>&#8222;Marketing Star&#8221; &#8211; Marcin Witkowski z\u00a0Uniwersytetu im. Adama Mickiewicza w\u00a0Poznaniu<\/p>\n<p>jp<\/p>\n","protected":false},"excerpt":{"rendered":"<p>W\u00a0dniach 26-28 stycznia w\u00a0\u0141odzi odby\u0142a si\u0119 doroczna konferencja Study in Poland \u201eStudenci zagraniczni w\u00a0Polsce\u201d organizowana przez Fundacj\u0119 Edukacyjn\u0105 Perspektywy, Politechnik\u0119 \u0141\u00f3dzk\u0105 oraz Konferencj\u0119 Rektor\u00f3w Akademickich Szk\u00f3\u0142 Polskich KRASP. Celem konferencji \u2013 jak podkre\u015blali organizatorzy &#8211; by\u0142a wymiana opinii, zaprezentowanie dobrych praktyk oraz zdiagnozowanie problem\u00f3w i\u00a0om\u00f3wienie wyzwa\u0144, pozwalaj\u0105cych na opracowanie koncepcji podniesienia jako\u015bci i\u00a0efektywno\u015bci dzia\u0142a\u0144, kt\u00f3re [&hellip;]<\/p>\n","protected":false},"author":6,"featured_media":0,"comment_status":"closed","ping_status":"closed","sticky":false,"template":"","format":"standard","meta":[],"categories":[22],"tags":[],"_links":{"self":[{"href":"https:\/\/www.polishscience.pl\/pl\/wp-json\/wp\/v2\/posts\/113312"}],"collection":[{"href":"https:\/\/www.polishscience.pl\/pl\/wp-json\/wp\/v2\/posts"}],"about":[{"href":"https:\/\/www.polishscience.pl\/pl\/wp-json\/wp\/v2\/types\/post"}],"author":[{"embeddable":true,"href":"https:\/\/www.polishscience.pl\/pl\/wp-json\/wp\/v2\/users\/6"}],"replies":[{"embeddable":true,"href":"https:\/\/www.polishscience.pl\/pl\/wp-json\/wp\/v2\/comments?post=113312"}],"version-history":[{"count":0,"href":"https:\/\/www.polishscience.pl\/pl\/wp-json\/wp\/v2\/posts\/113312\/revisions"}],"wp:attachment":[{"href":"https:\/\/www.polishscience.pl\/pl\/wp-json\/wp\/v2\/media?parent=113312"}],"wp:term":[{"taxonomy":"category","embeddable":true,"href":"https:\/\/www.polishscience.pl\/pl\/wp-json\/wp\/v2\/categories?post=113312"},{"taxonomy":"post_tag","embeddable":true,"href":"https:\/\/www.polishscience.pl\/pl\/wp-json\/wp\/v2\/tags?post=113312"}],"curies":[{"name":"wp","href":"https:\/\/api.w.org\/{rel}","templated":true}]}}