{"id":112434,"date":"2020-01-27T12:08:39","date_gmt":"2020-01-27T11:08:39","guid":{"rendered":"http:\/\/polishscience.pl\/?p=112434"},"modified":"2020-01-27T12:08:39","modified_gmt":"2020-01-27T11:08:39","slug":"na-uniwersytecie-lodzkim-spotkanie-zagranicznych-ekspertow-pracujacych-nad-projektem-uczelnie-europejskie","status":"publish","type":"post","link":"https:\/\/www.polishscience.pl\/pl\/na-uniwersytecie-lodzkim-spotkanie-zagranicznych-ekspertow-pracujacych-nad-projektem-uczelnie-europejskie\/","title":{"rendered":"Na Uniwersytecie \u0141\u00f3dzkim spotkanie zagranicznych ekspert\u00f3w pracuj\u0105cych nad projektem \u201eUczelnie Europejskie\u201d"},"content":{"rendered":"<p><strong>Eksperci z\u00a0Niemiec, Francji, W\u0142och, Grecji i\u00a0Polski spotkali si\u0119 na Uniwersytecie \u0141\u00f3dzkim (U\u0141), by wsp\u00f3lnie zaplanowa\u0107 strategi\u0119 walki o\u00a0wej\u015bcie do sieci \u201eUczelnie Europejskie\u201d. Stawk\u0105 jest dofinansowanie du\u017cego projektu, do pi\u0119ciu milion\u00f3w euro \u2013 informuje Centrum Promocji U\u0141.<\/strong><\/p>\n<p>5 lutego, we Frankfurcie, rektorzy pi\u0119ciu uczelni podpisz\u0105 umow\u0119 powo\u0142uj\u0105c\u0105 do \u017cycia konsorcjum, kt\u00f3re z\u0142o\u017cy wniosek do projektu \u201eUczelnie Europejskie\u201d. W\u00a0sk\u0142ad konsorcjum wejd\u0105: Uniwersytet Goethego we Frankfurcie jako koordynator projektu, Uniwersytet \u0141\u00f3dzki, Uniwersytet Lyon II, Uniwersytet Katolicki w\u00a0Mediolanie oraz Uniwersytet Macedo\u0144ski w\u00a0Salonikach. Ostateczny termin sk\u0142adania wniosk\u00f3w up\u0142ywa 26 lutego br. Wyniki b\u0119d\u0105 znane w\u00a0czerwcu, w\u00a0przypadku wygranej realizacja projektu rozpocznie si\u0119 w\u00a0pa\u017adzierniku 2020 r.<\/p>\n<p>Spotkanie partner\u00f3w na Uniwersytecie \u0141\u00f3dzkim jest ju\u017c kolejnym w\u00a0ramach opracowywanego wniosku do konkursu Uniwersytety Europejskie, nad kt\u00f3rym mi\u0119dzynarodowy zesp\u00f3\u0142 projektowy pracuje ju\u017c od kilku miesi\u0119cy. Je\u015bli za\u0142o\u017cenia projektowe zostan\u0105 zaakceptowane, Uniwersytet \u0141\u00f3dzki rozpocznie nowy rozdzia\u0142 wsp\u00f3\u0142pracy mi\u0119dzynarodowej na rzecz rozwoju szeroko rozumianej edukacji i\u00a0dydaktyki \u2013\u00a0powiedzia\u0142 prof. Pawe\u0142 Starosta, prorektor ds. wsp\u00f3\u0142pracy krajowej i\u00a0mi\u0119dzynarodowej U\u0141.<\/p>\n<p>jp<\/p>\n","protected":false},"excerpt":{"rendered":"<p>Eksperci z\u00a0Niemiec, Francji, W\u0142och, Grecji i\u00a0Polski spotkali si\u0119 na Uniwersytecie \u0141\u00f3dzkim (U\u0141), by wsp\u00f3lnie zaplanowa\u0107 strategi\u0119 walki o\u00a0wej\u015bcie do sieci \u201eUczelnie Europejskie\u201d. Stawk\u0105 jest dofinansowanie du\u017cego projektu, do pi\u0119ciu milion\u00f3w euro \u2013 informuje Centrum Promocji U\u0141. 5 lutego, we Frankfurcie, rektorzy pi\u0119ciu uczelni podpisz\u0105 umow\u0119 powo\u0142uj\u0105c\u0105 do \u017cycia konsorcjum, kt\u00f3re z\u0142o\u017cy wniosek do projektu \u201eUczelnie [&hellip;]<\/p>\n","protected":false},"author":6,"featured_media":0,"comment_status":"closed","ping_status":"closed","sticky":false,"template":"","format":"standard","meta":[],"categories":[21],"tags":[],"_links":{"self":[{"href":"https:\/\/www.polishscience.pl\/pl\/wp-json\/wp\/v2\/posts\/112434"}],"collection":[{"href":"https:\/\/www.polishscience.pl\/pl\/wp-json\/wp\/v2\/posts"}],"about":[{"href":"https:\/\/www.polishscience.pl\/pl\/wp-json\/wp\/v2\/types\/post"}],"author":[{"embeddable":true,"href":"https:\/\/www.polishscience.pl\/pl\/wp-json\/wp\/v2\/users\/6"}],"replies":[{"embeddable":true,"href":"https:\/\/www.polishscience.pl\/pl\/wp-json\/wp\/v2\/comments?post=112434"}],"version-history":[{"count":0,"href":"https:\/\/www.polishscience.pl\/pl\/wp-json\/wp\/v2\/posts\/112434\/revisions"}],"wp:attachment":[{"href":"https:\/\/www.polishscience.pl\/pl\/wp-json\/wp\/v2\/media?parent=112434"}],"wp:term":[{"taxonomy":"category","embeddable":true,"href":"https:\/\/www.polishscience.pl\/pl\/wp-json\/wp\/v2\/categories?post=112434"},{"taxonomy":"post_tag","embeddable":true,"href":"https:\/\/www.polishscience.pl\/pl\/wp-json\/wp\/v2\/tags?post=112434"}],"curies":[{"name":"wp","href":"https:\/\/api.w.org\/{rel}","templated":true}]}}