{"id":112268,"date":"2020-01-24T15:39:56","date_gmt":"2020-01-24T14:39:56","guid":{"rendered":"http:\/\/polishscience.pl\/?p=112268"},"modified":"2020-01-24T15:49:52","modified_gmt":"2020-01-24T14:49:52","slug":"naukowcy-z-uniwersytetu-slaskiego-dla-europejskiego-zielonego-ladu","status":"publish","type":"post","link":"https:\/\/www.polishscience.pl\/pl\/naukowcy-z-uniwersytetu-slaskiego-dla-europejskiego-zielonego-ladu\/","title":{"rendered":"Naukowcy z Uniwersytetu \u015al\u0105skiego dla Europejskiego Zielonego \u0141adu"},"content":{"rendered":"<p><strong>Z inicjatywy naukowc\u00f3w Uniwersytetu \u015al\u0105skiego w Katowicach powo\u0142ana zosta\u0142a Grupa Badawcza Sprawiedliwej Transformacji. Jej celem b\u0119dzie podj\u0119cie dzia\u0142a\u0144 badawczych i edukacyjnych, wspieraj\u0105cych opracowanie i wdro\u017cenie koncepcji sprawiedliwej transformacji.<\/strong><\/p>\n<p>Wi\u0105\u017c\u0105ce si\u0119 z t\u0105 koncepcj\u0105 zmiany dotkn\u0105 nie tylko G\u00f3rnego \u015al\u0105ska, lecz r\u00f3wnie\u017c innych region\u00f3w, kt\u00f3re stan\u0119\u0142y w obliczu konieczno\u015bci przekszta\u0142cenia stylu \u017cycia, kultury i warto\u015bci spo\u0142ecznych w odpowiedzi na wyzwanie budowania tak zwanej zielonej i ekologicznie zr\u00f3wnowa\u017conej gospodarki.<\/p>\n<p>Wiele mo\u017cliwo\u015bci otwiera przed naukowcami program Unii Europejskiej \u201eEuropejski Zielony \u0141ad\u201d. Pa\u0144stwa cz\u0142onkowskie podj\u0119\u0142y wyzwanie osi\u0105gni\u0119cia neutralno\u015bci klimatycznej do 2050 roku. W\u0142\u0105czaj\u0105c si\u0119 w te dzia\u0142ania, naukowcy w ramach powo\u0142anej grupy chc\u0105 prowadzi\u0107 badania nad zagadnieniami sprawiedliwej transformacji i nawi\u0105zywa\u0107 wsp\u00f3\u0142prac\u0119 z krajowymi i zagranicznymi o\u015brodkami naukowymi oraz partnerami spo\u0142ecznymi\u00a0 \u2013 czytamy w serwisie uczelni.<\/p>\n<p>Wi\u0119cej: <a href=\"https:\/\/us.edu.pl\/naukowcy-z-us-dla-europejskiego-zielonego-ladu-rozmowa-z-dr-hab-tomaszem-pietrzykowskim-prof-us\/\">https:\/\/us.edu.pl\/naukowcy-z-us-dla-europejskiego-zielonego-ladu-rozmowa-z-dr-hab-tomaszem-pietrzykowskim-prof-us\/<\/a><\/p>\n<p>&nbsp;<\/p>\n<p>jsz<\/p>\n","protected":false},"excerpt":{"rendered":"<p>Z inicjatywy naukowc\u00f3w Uniwersytetu \u015al\u0105skiego w Katowicach powo\u0142ana zosta\u0142a Grupa Badawcza Sprawiedliwej Transformacji. Jej celem b\u0119dzie podj\u0119cie dzia\u0142a\u0144 badawczych i edukacyjnych, wspieraj\u0105cych opracowanie i wdro\u017cenie koncepcji sprawiedliwej transformacji. Wi\u0105\u017c\u0105ce si\u0119 z t\u0105 koncepcj\u0105 zmiany dotkn\u0105 nie tylko G\u00f3rnego \u015al\u0105ska, lecz r\u00f3wnie\u017c innych region\u00f3w, kt\u00f3re stan\u0119\u0142y w obliczu konieczno\u015bci przekszta\u0142cenia stylu \u017cycia, kultury i warto\u015bci spo\u0142ecznych [&hellip;]<\/p>\n","protected":false},"author":6,"featured_media":0,"comment_status":"closed","ping_status":"closed","sticky":false,"template":"","format":"standard","meta":[],"categories":[20,21],"tags":[],"_links":{"self":[{"href":"https:\/\/www.polishscience.pl\/pl\/wp-json\/wp\/v2\/posts\/112268"}],"collection":[{"href":"https:\/\/www.polishscience.pl\/pl\/wp-json\/wp\/v2\/posts"}],"about":[{"href":"https:\/\/www.polishscience.pl\/pl\/wp-json\/wp\/v2\/types\/post"}],"author":[{"embeddable":true,"href":"https:\/\/www.polishscience.pl\/pl\/wp-json\/wp\/v2\/users\/6"}],"replies":[{"embeddable":true,"href":"https:\/\/www.polishscience.pl\/pl\/wp-json\/wp\/v2\/comments?post=112268"}],"version-history":[{"count":0,"href":"https:\/\/www.polishscience.pl\/pl\/wp-json\/wp\/v2\/posts\/112268\/revisions"}],"wp:attachment":[{"href":"https:\/\/www.polishscience.pl\/pl\/wp-json\/wp\/v2\/media?parent=112268"}],"wp:term":[{"taxonomy":"category","embeddable":true,"href":"https:\/\/www.polishscience.pl\/pl\/wp-json\/wp\/v2\/categories?post=112268"},{"taxonomy":"post_tag","embeddable":true,"href":"https:\/\/www.polishscience.pl\/pl\/wp-json\/wp\/v2\/tags?post=112268"}],"curies":[{"name":"wp","href":"https:\/\/api.w.org\/{rel}","templated":true}]}}